{"id":89,"date":"2022-10-11T11:44:01","date_gmt":"2022-10-11T16:44:01","guid":{"rendered":"https:\/\/ambiental.utp.edu.co\/maestria-en-gestion-del-riesgo-de-desastres\/?p=89"},"modified":"2026-04-14T11:34:09","modified_gmt":"2026-04-14T16:34:09","slug":"cuerpo-docente","status":"publish","type":"post","link":"https:\/\/ambiental.utp.edu.co\/maestria-en-gestion-del-riesgo-de-desastres\/sin-categoria\/cuerpo-docente\/","title":{"rendered":"Cuerpo Docente"},"content":{"rendered":"\n<p><span class=\"post-content__span\"> Docentes que soportan y contribuye a la Maestr\u00eda en Gesti\u00f3n del Riesgo de Desastres:<\/p>\n\n\n\n<figure class=\"wp-block-table table is-style-stripes\"><table><thead><tr><th><strong>Docente<\/strong><\/th><th><strong>Nivel de Formaci\u00f3n-Posgrado<\/strong><\/th><th><strong>T\u00edtulo Posgrado<\/strong><\/th><th><strong>Vinculaci\u00f3n<\/strong><\/th><th><strong>Dedicaci\u00f3n<\/strong><\/th><th><strong>Categor\u00eda Investigaci\u00f3n Colciencias 2019<\/strong><\/th><th><strong>Grupo de Investigaci\u00f3n<\/strong><\/th><\/tr><\/thead><tbody><tr><td>Carlos Eduardo L\u00f3pez Casta\u00f1o<\/td><td>PhD<\/td><td>Antropolog\u00eda<\/td><td>Planta-UTP<\/td><td>Tiempo Completo<\/td><td>Junior<\/td><td>Gesti\u00f3n en Cultura y Educaci\u00f3n Ambiental<\/td><\/tr><tr><td>Diego Paredes Cuervo<\/td><td>PhD<\/td><td>Ingenier\u00eda<\/td><td>Planta-UTP<\/td><td>Tiempo Completo<\/td><td>Asociado<\/td><td>Agua y Saneamiento<\/td><\/tr><tr><td>Jhon Jairo Arias Mendoza<\/td><td>MSc<\/td><td>Administraci\u00f3n Econ\u00f3mica y Financiera<\/td><td>Planta-UTP<\/td><td>Tiempo Completo<\/td><td>Sin Categor\u00eda<\/td><td>Gesti\u00f3n Ambiental Territorial<\/td><\/tr><tr><td>Juan Carlos Camargo Garc\u00eda<\/td><td>PhD<\/td><td>Ciencias Forestales<\/td><td>Planta-UTP<\/td><td>Tiempo Completo<\/td><td>Senior<\/td><td>Gesti\u00f3n en Agroecosistemas Tropicales Andinos<\/td><\/tr><tr><td>Juan Mauricio Casta\u00f1o Rojas<\/td><td>PhD<\/td><td>Ingenier\u00eda Ecol\u00f3gica<\/td><td>Planta-UTP<\/td><td>Tiempo Completo<\/td><td>Senior<\/td><td>Ecolog\u00eda, Ingenier\u00eda y Sociedad<\/td><\/tr><tr><td>Le\u00f3n Felipe Cubillos Quintero<\/td><td>PhD<\/td><td>Sociolog\u00eda del desarrollo<\/td><td>Planta-UTP<\/td><td>Tiempo Completo<\/td><td>Sin Categor\u00eda<\/td><td>Gesti\u00f3n en Cultura y Educaci\u00f3n Ambiental<\/td><\/tr><tr><td>Tito Morales Pinz\u00f3n<\/td><td>PhD<\/td><td>Ciencia y Tecnolog\u00eda Ambiental<\/td><td>Planta-UTP<\/td><td>Tiempo Completo<\/td><td>Senior<\/td><td>Gesti\u00f3n Ambiental Territorial<\/td><\/tr><tr><td>H\u00e9ctor Jaime V\u00e1squez Morales<\/td><td>MSc<\/td><td>Ciencias Ambientales<\/td><td>Transitorio-UTP<\/td><td>Tiempo Completo<\/td><td>Sin Categor\u00eda<\/td><td>Gesti\u00f3n Ambiental Territorial<\/td><\/tr><tr><td>Manuel Tiberio Fl\u00f3rez Calder\u00f3n<\/td><td>MSc<\/td><td>Ciencias Ambientales<\/td><td>Transitorio-UTP<\/td><td>Medio Tiempo&nbsp;<\/td><td>Asociado<\/td><td>Gesti\u00f3n Ambiental Territorial<\/td><\/tr><tr><td>Miguel \u00c1ngel Dossman Gil<\/td><td>MSc<\/td><td>Desarrollo Rural<\/td><td>Transitorio-UTP<\/td><td>Medio Tiempo&nbsp;<\/td><td>Sin Categor\u00eda<\/td><td>Gesti\u00f3n en Agroecosistemas Tropicales Andinos<\/td><\/tr><tr><td>Santiago Restrepo Calle<\/td><td>MSc<\/td><td>Sistemas de Informaci\u00f3n Geogr\u00e1fica<\/td><td>Transitorio-UTP<\/td><td>Medio Tiempo&nbsp;<\/td><td>Sin Categor\u00eda<\/td><td>Ecolog\u00eda, Ingenier\u00eda y Sociedad<\/td><\/tr><tr><td>Juan Camilo Rivera Aranzazu<\/td><td>MSc<\/td><td>Comunicaci\u00f3n Educativa<\/td><td>Transitorio-UTP<\/td><td>Medio Tiempo&nbsp;<\/td><td>Sin Categor\u00eda<\/td><td>Turismo Sostenible<\/td><\/tr><tr><td>Alejandra Gonz\u00e1lez Acevedo<\/td><td>PhD<\/td><td>Ciencias Ambientales<\/td><td>Catedr\u00e1tico-UTP<\/td><td>Hora c\u00e1tedra<\/td><td>Sin Categor\u00eda<\/td><td>Gesti\u00f3n Ambiental Territorial<\/td><\/tr><\/tbody><\/table><figcaption class=\"wp-element-caption\">UTP: Universidad Tecnol\u00f3gica de Pereira<\/figcaption><\/figure>\n","protected":false},"excerpt":{"rendered":"<p>Docentes que soportan y contribuye a la Maestr\u00eda en Gesti\u00f3n del Riesgo de Desastres: Docente Nivel de Formaci\u00f3n-Posgrado T\u00edtulo Posgrado [&hellip;]<\/p>\n","protected":false},"author":1,"featured_media":0,"comment_status":"open","ping_status":"open","sticky":false,"template":"","format":"standard","meta":{"footnotes":""},"categories":[1],"tags":[],"class_list":["post-89","post","type-post","status-publish","format-standard","hentry","category-sin-categoria"],"_links":{"self":[{"href":"https:\/\/ambiental.utp.edu.co\/maestria-en-gestion-del-riesgo-de-desastres\/wp-json\/wp\/v2\/posts\/89","targetHints":{"allow":["GET"]}}],"collection":[{"href":"https:\/\/ambiental.utp.edu.co\/maestria-en-gestion-del-riesgo-de-desastres\/wp-json\/wp\/v2\/posts"}],"about":[{"href":"https:\/\/ambiental.utp.edu.co\/maestria-en-gestion-del-riesgo-de-desastres\/wp-json\/wp\/v2\/types\/post"}],"author":[{"embeddable":true,"href":"https:\/\/ambiental.utp.edu.co\/maestria-en-gestion-del-riesgo-de-desastres\/wp-json\/wp\/v2\/users\/1"}],"replies":[{"embeddable":true,"href":"https:\/\/ambiental.utp.edu.co\/maestria-en-gestion-del-riesgo-de-desastres\/wp-json\/wp\/v2\/comments?post=89"}],"version-history":[{"count":2,"href":"https:\/\/ambiental.utp.edu.co\/maestria-en-gestion-del-riesgo-de-desastres\/wp-json\/wp\/v2\/posts\/89\/revisions"}],"predecessor-version":[{"id":214,"href":"https:\/\/ambiental.utp.edu.co\/maestria-en-gestion-del-riesgo-de-desastres\/wp-json\/wp\/v2\/posts\/89\/revisions\/214"}],"wp:attachment":[{"href":"https:\/\/ambiental.utp.edu.co\/maestria-en-gestion-del-riesgo-de-desastres\/wp-json\/wp\/v2\/media?parent=89"}],"wp:term":[{"taxonomy":"category","embeddable":true,"href":"https:\/\/ambiental.utp.edu.co\/maestria-en-gestion-del-riesgo-de-desastres\/wp-json\/wp\/v2\/categories?post=89"},{"taxonomy":"post_tag","embeddable":true,"href":"https:\/\/ambiental.utp.edu.co\/maestria-en-gestion-del-riesgo-de-desastres\/wp-json\/wp\/v2\/tags?post=89"}],"curies":[{"name":"wp","href":"https:\/\/api.w.org\/{rel}","templated":true}]}}