{"id":66,"date":"2022-10-11T09:13:43","date_gmt":"2022-10-11T14:13:43","guid":{"rendered":"https:\/\/ambiental.utp.edu.co\/maestria-en-gestion-del-riesgo-de-desastres\/?p=66"},"modified":"2022-10-11T09:30:51","modified_gmt":"2022-10-11T14:30:51","slug":"perfil-del-aspirante","status":"publish","type":"post","link":"https:\/\/ambiental.utp.edu.co\/maestria-en-gestion-del-riesgo-de-desastres\/sin-categoria\/perfil-del-aspirante\/","title":{"rendered":"Perfil del Aspirante"},"content":{"rendered":"\n<p><span class=\"post-content__span\"> Dirigida a profesionales cuyos perfiles est\u00e1n relacionados con las ciencias ambientales, las geociencias, las ingenier\u00edas, la arquitectura, el urbanismo, la administraci\u00f3n ambiental, la administraci\u00f3n p\u00fablica y, en general, con aquellas profesiones afines con la generaci\u00f3n de conocimientos, desarrollo de tecnolog\u00edas y la toma de decisiones en los diferentes campos de la planificaci\u00f3n y gesti\u00f3n territorial, sectorial, ambiental y del desarrollo.<\/p>\n","protected":false},"excerpt":{"rendered":"<p>Dirigida a profesionales cuyos perfiles est\u00e1n relacionados con las ciencias ambientales, las geociencias, las ingenier\u00edas, la arquitectura, el urbanismo, la [&hellip;]<\/p>\n","protected":false},"author":1,"featured_media":0,"comment_status":"open","ping_status":"open","sticky":false,"template":"","format":"standard","meta":{"footnotes":""},"categories":[1],"tags":[],"class_list":["post-66","post","type-post","status-publish","format-standard","hentry","category-sin-categoria"],"_links":{"self":[{"href":"https:\/\/ambiental.utp.edu.co\/maestria-en-gestion-del-riesgo-de-desastres\/wp-json\/wp\/v2\/posts\/66","targetHints":{"allow":["GET"]}}],"collection":[{"href":"https:\/\/ambiental.utp.edu.co\/maestria-en-gestion-del-riesgo-de-desastres\/wp-json\/wp\/v2\/posts"}],"about":[{"href":"https:\/\/ambiental.utp.edu.co\/maestria-en-gestion-del-riesgo-de-desastres\/wp-json\/wp\/v2\/types\/post"}],"author":[{"embeddable":true,"href":"https:\/\/ambiental.utp.edu.co\/maestria-en-gestion-del-riesgo-de-desastres\/wp-json\/wp\/v2\/users\/1"}],"replies":[{"embeddable":true,"href":"https:\/\/ambiental.utp.edu.co\/maestria-en-gestion-del-riesgo-de-desastres\/wp-json\/wp\/v2\/comments?post=66"}],"version-history":[{"count":2,"href":"https:\/\/ambiental.utp.edu.co\/maestria-en-gestion-del-riesgo-de-desastres\/wp-json\/wp\/v2\/posts\/66\/revisions"}],"predecessor-version":[{"id":75,"href":"https:\/\/ambiental.utp.edu.co\/maestria-en-gestion-del-riesgo-de-desastres\/wp-json\/wp\/v2\/posts\/66\/revisions\/75"}],"wp:attachment":[{"href":"https:\/\/ambiental.utp.edu.co\/maestria-en-gestion-del-riesgo-de-desastres\/wp-json\/wp\/v2\/media?parent=66"}],"wp:term":[{"taxonomy":"category","embeddable":true,"href":"https:\/\/ambiental.utp.edu.co\/maestria-en-gestion-del-riesgo-de-desastres\/wp-json\/wp\/v2\/categories?post=66"},{"taxonomy":"post_tag","embeddable":true,"href":"https:\/\/ambiental.utp.edu.co\/maestria-en-gestion-del-riesgo-de-desastres\/wp-json\/wp\/v2\/tags?post=66"}],"curies":[{"name":"wp","href":"https:\/\/api.w.org\/{rel}","templated":true}]}}