{"id":100,"date":"2022-10-11T13:51:55","date_gmt":"2022-10-11T18:51:55","guid":{"rendered":"https:\/\/ambiental.utp.edu.co\/maestria-en-gestion-del-riesgo-de-desastres\/?p=100"},"modified":"2022-10-11T13:51:56","modified_gmt":"2022-10-11T18:51:56","slug":"informacion-general-del-programa","status":"publish","type":"post","link":"https:\/\/ambiental.utp.edu.co\/maestria-en-gestion-del-riesgo-de-desastres\/sin-categoria\/informacion-general-del-programa\/","title":{"rendered":"Informaci\u00f3n General del Programa"},"content":{"rendered":"\n<h3 class=\"wp-block-heading\">Resoluci\u00f3n o acuerdos legales para el funcionamiento del programa<\/h3>\n\n\n\n<p><span class=\"post-content__span\"> La Maestr\u00eda en Gesti\u00f3n del Riesgo de Desastres pertenece a la facultad de Ciencias<br>Ambientales, aprobada mediante la resoluci\u00f3n No. 008249 del 18 de mayo de 2021<br>expedida por el MEN.<\/p>\n\n\n\n<p><span class=\"post-content__span\"> <\/p>\n\n\n\n<h3 class=\"wp-block-heading\">Historia del programa<\/h3>\n\n\n\n<p><span class=\"post-content__span\"> Los antecedentes del territorio en t\u00e9rminos de gesti\u00f3n del riesgo de desastres est\u00e1n relacionados con la creaci\u00f3n de las Corporaciones Aut\u00f3nomas Regionales como respuesta institucional ante diferentes desastres. Ejemplos de ello son la Corporaci\u00f3n Aut\u00f3noma Regional del Valle del Cauca (CVC) que se cre\u00f3 en 1954 como respuesta a los desastres ocasionados por las inundaciones en el Valle del r\u00edo Cauca y sus afluentes; la Corporaci\u00f3n Regional Aut\u00f3noma para la Defensa de Manizales, Salamina y Aranzazu (CRAMSA, hoy CORPOCALDAS) creada en 1971 para el control de problemas de inestabilidad de laderas y la Corporaci\u00f3n Aut\u00f3noma Regional de Risaralda (CARDER) creada en 1981 con el prop\u00f3sito<br>de atender la problem\u00e1tica ambiental del tramo urbano del r\u00edo Ot\u00fan.<\/p>\n\n\n\n<p><span class=\"post-content__span\"> <\/p>\n\n\n\n<p><span class=\"post-content__span\"> Adem\u00e1s, el eje cafetero ha sido afectado por eventos de origen volc\u00e1nico, s\u00edsmico e hidrol\u00f3gico como la erupci\u00f3n del volc\u00e1n Nevado del Ruiz en 1985, el terremoto del eje cafetero de 1999 y la temporada de lluvias del primer semestre de 2019. Estos antecedentes a nivel regional desde la perspectiva del conocimiento del riesgo han significado experiencias positivas como el Observatorio Sismol\u00f3gico administrado por la Universidad del Quind\u00edo y la Red Hidroclimatol\u00f3gica de Risaralda administrada por la<br>Universidad Tecnol\u00f3gica de Pereira. Por otra parte, han implicado enormes retos que requieren ser abordados y que fundamentan el programa de la Maestr\u00eda en Gesti\u00f3n del Riesgo de Desastres.<\/p>\n\n\n\n<p><span class=\"post-content__span\"> <\/p>\n\n\n\n<h3 class=\"wp-block-heading\">Recursos y Talentos<\/h3>\n\n\n\n<p><span class=\"post-content__span\"> Contamos con 19 docentes de la Universidad Tecnol\u00f3gica de Pereira cuyo nivel de formaci\u00f3n es de posgrado y que cuentan con una amplia trayectoria investigativa. Los grupos de investigaci\u00f3n de la Universidad Tecnol\u00f3gica de Pereira que soportan la maestr\u00eda son: Grupo de investigaci\u00f3n en Agua y Saneamiento, Categor\u00eda A (Convocatoria Colciencias 2019); Grupo de investigaci\u00f3n Ecolog\u00eda, Ingenier\u00eda y Sociedad, Categor\u00eda A (Convocatoria Colciencias 2019); Grupo de investigaci\u00f3n Gesti\u00f3n en Cultura y Educaci\u00f3n Ambiental, Categor\u00eda B (Convocatoria Colciencias 2019); Grupo de investigaci\u00f3n en Gesti\u00f3n Ambiental Territorial, Categor\u00eda: A (Convocatoria Colciencias 2019); Grupo de investigaci\u00f3n Gesti\u00f3n en Agroecosistemas Tropicales Andinos, Categor\u00eda A (Convocatoria Colciencias 2019) y el Grupo de investigaci\u00f3n en Turismo Sostenible , Categor\u00eda C (Convocatoria Colciencias 2019).<\/p>\n\n\n\n<p><span class=\"post-content__span\"> <br>La cooperaci\u00f3n de la Universidad Tecnol\u00f3gica de Pereira y la Universidad del Quind\u00edo, ambas acreditadas de alta calidad, es un elemento diferenciador del programa que garantiza una apuesta por su calidad. Esta cooperaci\u00f3n, que se formaliza mediante convenio para la creaci\u00f3n del programa, facilita el uso compartido de infraestructura, la movilidad de profesores y estudiantes, y el fomento de la investigaci\u00f3n interdisciplinaria. Adicionalmente y dadas las fortalezas derivadas del convenio entre las universidades que proponen independientemente el programa de Maestr\u00eda en Gesti\u00f3n del Riesgo de Desastres, tres grupos de investigaci\u00f3n adicionales (GEOIDE-G62, Quimbaya y Grupo de Investigaci\u00f3n Desarrollo y Estudio Del Recurso H\u00eddrico y El Ambiente &#8211; CIDERA) y 15 docentes pertenecientes a la Universidad del Quind\u00edo contribuyen en la oferta acad\u00e9mica e investigativa.<\/p>\n\n\n\n<p><span class=\"post-content__span\"> <\/p>\n\n\n\n<h3 class=\"wp-block-heading\">Logros y oportunidades<\/h3>\n\n\n\n<p><span class=\"post-content__span\"> Aun no se tiene informaci\u00f3n, ya que estamos en proceso de abrir nuestra primera cohorte.<\/p>\n","protected":false},"excerpt":{"rendered":"<p>Resoluci\u00f3n o acuerdos legales para el funcionamiento del programa La Maestr\u00eda en Gesti\u00f3n del Riesgo de Desastres pertenece a la [&hellip;]<\/p>\n","protected":false},"author":1,"featured_media":0,"comment_status":"open","ping_status":"open","sticky":false,"template":"","format":"standard","meta":{"footnotes":""},"categories":[1],"tags":[],"class_list":["post-100","post","type-post","status-publish","format-standard","hentry","category-sin-categoria"],"_links":{"self":[{"href":"https:\/\/ambiental.utp.edu.co\/maestria-en-gestion-del-riesgo-de-desastres\/wp-json\/wp\/v2\/posts\/100","targetHints":{"allow":["GET"]}}],"collection":[{"href":"https:\/\/ambiental.utp.edu.co\/maestria-en-gestion-del-riesgo-de-desastres\/wp-json\/wp\/v2\/posts"}],"about":[{"href":"https:\/\/ambiental.utp.edu.co\/maestria-en-gestion-del-riesgo-de-desastres\/wp-json\/wp\/v2\/types\/post"}],"author":[{"embeddable":true,"href":"https:\/\/ambiental.utp.edu.co\/maestria-en-gestion-del-riesgo-de-desastres\/wp-json\/wp\/v2\/users\/1"}],"replies":[{"embeddable":true,"href":"https:\/\/ambiental.utp.edu.co\/maestria-en-gestion-del-riesgo-de-desastres\/wp-json\/wp\/v2\/comments?post=100"}],"version-history":[{"count":1,"href":"https:\/\/ambiental.utp.edu.co\/maestria-en-gestion-del-riesgo-de-desastres\/wp-json\/wp\/v2\/posts\/100\/revisions"}],"predecessor-version":[{"id":101,"href":"https:\/\/ambiental.utp.edu.co\/maestria-en-gestion-del-riesgo-de-desastres\/wp-json\/wp\/v2\/posts\/100\/revisions\/101"}],"wp:attachment":[{"href":"https:\/\/ambiental.utp.edu.co\/maestria-en-gestion-del-riesgo-de-desastres\/wp-json\/wp\/v2\/media?parent=100"}],"wp:term":[{"taxonomy":"category","embeddable":true,"href":"https:\/\/ambiental.utp.edu.co\/maestria-en-gestion-del-riesgo-de-desastres\/wp-json\/wp\/v2\/categories?post=100"},{"taxonomy":"post_tag","embeddable":true,"href":"https:\/\/ambiental.utp.edu.co\/maestria-en-gestion-del-riesgo-de-desastres\/wp-json\/wp\/v2\/tags?post=100"}],"curies":[{"name":"wp","href":"https:\/\/api.w.org\/{rel}","templated":true}]}}