{"id":6,"date":"2018-04-23T16:00:13","date_gmt":"2018-04-23T21:00:13","guid":{"rendered":"https:\/\/ambiental.utp.edu.co\/especializacion-gestion-ambiental-local\/2018\/04\/23\/resultados-de-aprendizaje\/"},"modified":"2018-04-23T16:00:13","modified_gmt":"2018-04-23T21:00:13","slug":"resultados-de-aprendizaje","status":"publish","type":"post","link":"https:\/\/ambiental.utp.edu.co\/especializacion-gestion-ambiental-local\/sin-categoria\/resultados-de-aprendizaje\/","title":{"rendered":"Resultados de Aprendizaje"},"content":{"rendered":"\n<p><span class=\"post-content__span\"> El egresado de la Especializaci\u00f3n en Gesti\u00f3n Ambiental Local es un especialista con capacidad anal\u00edtica y t\u00e9cnica; para la valoraci\u00f3n y resoluci\u00f3n de la problem\u00e1tica ambiental y el aprovechamiento de las potencialidades que presentan las instituciones, organizaciones sociales y el sector productivo; mediante un enfoque sist\u00e9mico y la acci\u00f3n planificada, propiciando la gesti\u00f3n de pol\u00edticas, procesos y proyectos desde la \u00f3ptica de la sostenibilidad ambiental, en un entorno de participaci\u00f3n institucional, comunitaria y empresarial.<\/p>\n\n\n\n<p><span class=\"post-content__span\"> <strong>Perfil ocupacional seg\u00fan el \u00e9nfasis en Gesti\u00f3n Integral de la Guadua.&nbsp;&nbsp;<\/strong>El egresado de la Especializaci\u00f3n en Gesti\u00f3n Ambiental Local con \u00c9nfasis en Gesti\u00f3n Integral de la Guadua, es un especialista con capacidad anal\u00edtica, t\u00e9cnica y visi\u00f3n hol\u00edstica; para planificar, desarrollar y orientar, procesos de gesti\u00f3n ambiental territorial, empresarial y de participaci\u00f3n comunitaria, en los eslabones de la cadena productiva de la guadua: silvicultura y poscosecha, procesos industriales (transformaci\u00f3n industrial de la guadua), ecodise\u00f1o y construcci\u00f3n de estructuras y control de calidad.<\/p>\n","protected":false},"excerpt":{"rendered":"<p>El egresado de la Especializaci\u00f3n en Gesti\u00f3n Ambiental Local es un especialista con capacidad anal\u00edtica y t\u00e9cnica; para la valoraci\u00f3n y resoluci\u00f3n de la problem\u00e1tica ambiental y el aprovechamiento de [&#8230;]<\/p>\n","protected":false},"author":1,"featured_media":0,"comment_status":"closed","ping_status":"closed","sticky":false,"template":"","format":"standard","meta":{"footnotes":""},"categories":[1],"tags":[],"class_list":["post-6","post","type-post","status-publish","format-standard","hentry","category-sin-categoria"],"_links":{"self":[{"href":"https:\/\/ambiental.utp.edu.co\/especializacion-gestion-ambiental-local\/wp-json\/wp\/v2\/posts\/6","targetHints":{"allow":["GET"]}}],"collection":[{"href":"https:\/\/ambiental.utp.edu.co\/especializacion-gestion-ambiental-local\/wp-json\/wp\/v2\/posts"}],"about":[{"href":"https:\/\/ambiental.utp.edu.co\/especializacion-gestion-ambiental-local\/wp-json\/wp\/v2\/types\/post"}],"author":[{"embeddable":true,"href":"https:\/\/ambiental.utp.edu.co\/especializacion-gestion-ambiental-local\/wp-json\/wp\/v2\/users\/1"}],"replies":[{"embeddable":true,"href":"https:\/\/ambiental.utp.edu.co\/especializacion-gestion-ambiental-local\/wp-json\/wp\/v2\/comments?post=6"}],"version-history":[{"count":1,"href":"https:\/\/ambiental.utp.edu.co\/especializacion-gestion-ambiental-local\/wp-json\/wp\/v2\/posts\/6\/revisions"}],"predecessor-version":[{"id":10031,"href":"https:\/\/ambiental.utp.edu.co\/especializacion-gestion-ambiental-local\/wp-json\/wp\/v2\/posts\/6\/revisions\/10031"}],"wp:attachment":[{"href":"https:\/\/ambiental.utp.edu.co\/especializacion-gestion-ambiental-local\/wp-json\/wp\/v2\/media?parent=6"}],"wp:term":[{"taxonomy":"category","embeddable":true,"href":"https:\/\/ambiental.utp.edu.co\/especializacion-gestion-ambiental-local\/wp-json\/wp\/v2\/categories?post=6"},{"taxonomy":"post_tag","embeddable":true,"href":"https:\/\/ambiental.utp.edu.co\/especializacion-gestion-ambiental-local\/wp-json\/wp\/v2\/tags?post=6"}],"curies":[{"name":"wp","href":"https:\/\/api.w.org\/{rel}","templated":true}]}}