{"id":25,"date":"2018-04-23T17:54:58","date_gmt":"2018-04-23T22:54:58","guid":{"rendered":"https:\/\/ambiental.utp.edu.co\/especializacion-gestion-ambiental-local\/2018\/04\/23\/catedra\/"},"modified":"2022-09-28T08:06:37","modified_gmt":"2022-09-28T13:06:37","slug":"catedra","status":"publish","type":"post","link":"https:\/\/ambiental.utp.edu.co\/especializacion-gestion-ambiental-local\/sin-categoria\/catedra\/","title":{"rendered":"C\u00e1tedra"},"content":{"rendered":"\n<p><span class=\"post-content__span\"> <strong>DOCENTES CATEDRATICOS<\/strong><\/p>\n\n\n\n<figure class=\"wp-block-table table is-style-stripes\"><table><thead><tr><th><strong>NOMBRE DOCENTE<\/strong><\/th><th><strong>TITULAR<\/strong><\/th><th><strong>GRUPO DE INVESTIGACI\u00d3N<\/strong><\/th><th><strong><br>\u00c1REAS DE INTER\u00c9S<\/strong><\/th><\/tr><\/thead><tbody><tr><td>Carlos Alberto Ossa Ossa<\/td><td>Ingeniero Industrial. &nbsp;Universidad Tecnol\u00f3gica de Pereira<\/td><td>&nbsp;<\/td><td>\n<ul dir=\"ltr\">\n<li>Teor\u00eda General de Sistemas<\/li>\n<li>Modelos de simulaci\u00f3n<\/li>\n<li>Metodolog\u00edas de sistemas complejos<\/li>\n<\/ul>\n<\/td><\/tr><tr><td>Magister en Gesti\u00f3n Industrielle. &nbsp;Universite Catholique De Louvain. B\u00e9lgica<\/td><\/tr><tr><td>Carlos Alfonso Victoria Mena<\/td><td>Licenciado en Comunicaci\u00f3n Audiovisual. Universidad Tecnol\u00f3gica de Pereira<\/td><td>Cultura y Educaci\u00f3n Ambiental<\/td><td>\n<ul dir=\"ltr\">\n<li>Historia Ambiental.<\/li>\n<li>Comunicaci\u00f3n Ambiental.<\/li>\n<li>Conflictos Ambientales<\/li>\n<\/ul>\n<\/td><\/tr><tr><td>Especialista en Gobierno y Pol\u00edtica P\u00fablica. Universidad de los Andes<\/td><\/tr><tr><td>Magister en Historia. Universidad Tecnol\u00f3gica de Pereira<\/td><\/tr><tr><td>Alexander Fernando Mar\u00edn Buritic\u00e1<\/td><td>Economista. Universidad Cat\u00f3lica de Pereira<\/td><td>Gesti\u00f3n Ambiental Territorial<\/td><td>\n<ul dir=\"ltr\">\n<li>Finanzas Empresariales.<\/li>\n<li>Finanzas P\u00fablicas.<\/li>\n<li>Administraci\u00f3n Financiera.<\/li>\n<\/ul>\n<\/td><\/tr><tr><td>Especialista en pedagog\u00eda y docencia universitaria. Universidad La Gran Colombia<\/td><\/tr><tr><td>Magister en administraci\u00f3n econ\u00f3mica y financiera. Universidad Tecnol\u00f3gica de Pereira<\/td><\/tr><tr><td>Jhon Jairo Ocampo Cardona<\/td><td>Administrador Ambiental. Universidad Tecnol\u00f3gica de Pereira<\/td><td>Gesti\u00f3n Ambiental Territorial<\/td><td>\n<ul dir=\"ltr\">\n<li>Gesti\u00f3n Rural.<\/li>\n<li>Ordenamiento Territorial.<\/li>\n<li>Sustentabilidad.<\/li>\n<\/ul>\n<\/td><\/tr><tr><td>\n<p dir=\"ltr\">Magister en Desarrollo Sustentable. Universidad de Lan\u00fas Argentina<\/p>\n<\/td><\/tr><tr><td>Sandra Esperanza Loaiza Rivera<\/td><td>Administrador de Empresas. Escuela de Administraci\u00f3n De Negocios &#8211; E.A.N.<\/td><td>CREER- Vicerrector\u00eda de Investigaciones y Extensi\u00f3n<\/td><td>\n<ul dir=\"ltr\">\n<li>Gesti\u00f3n Ambiental Empresarial.<\/li>\n<li>Responsabilidad Social Corporativa.<\/li>\n<li>Emprendimiento Empresarial.<\/li>\n<\/ul>\n<\/td><\/tr><tr><td>Magister en Administraci\u00f3n del Desarrollo Humano y Organizacional. Universidad Tecnol\u00f3gica de Pereira<\/td><\/tr><tr><td>Ana Mar\u00eda L\u00f3pez Guti\u00e9rrez<\/td><td>Ingeniera Agr\u00f3noma. Universidad de Caldas<\/td><td>Biodiversidad y Biotecnolog\u00eda<\/td><td>\n<ul dir=\"ltr\">\n<li>Biolog\u00eda Molecular.<\/li>\n<li>Biolog\u00eda Vegetal&nbsp;<\/li>\n<\/ul>\n<\/td><\/tr><tr><td>Especialista en Biolog\u00eda Molecular y Biotecnolog\u00eda. Universidad Tecnol\u00f3gica de Pereira<\/td><\/tr><tr><td>Magister en Bilog\u00eda Vegetal. Universidad de Caldas<\/td><\/tr><tr><td>\u00c1lvaro Ignacio Ram\u00edrez Fajardo<\/td><td>Administrador Ambiental. Universidad Tecnol\u00f3gica de Pereira<\/td><td>Agua y Saneamiento<\/td><td>\n<ul dir=\"ltr\">\n<li>Modelaci\u00f3n de calidad del agua.<\/li>\n<li>Tratamiento de aguas residuales.<\/li>\n<li>An\u00e1lisis de producci\u00f3n m\u00e1s limpia<\/li>\n<\/ul>\n<\/td><\/tr><tr><td>Magister en Ecotecnolog\u00eda. Universidad Tecnol\u00f3gica de Pereira<\/td><\/tr><tr><td>Miguel \u00c1ngel Dossman Gil<\/td><td>Agr\u00f3logo. Universidad Jorge Tadeo Lozano<\/td><td>Gesti\u00f3n en Agroecosistemas Tropicales Andinos<\/td><td>\n<ul dir=\"ltr\">\n<li>Desarrollo Rural.<\/li>\n<li>Planificaci\u00f3n Territorial.<\/li>\n<li>Cambio Clim\u00e1tico.<\/li>\n<\/ul>\n<\/td><\/tr><tr><td>Magister en Desarrollo Rural. Pontificia Universidad Javeriana<\/td><\/tr><tr><td>Diego Mauricio Zuluaga Delgado<\/td><td>Administrador Ambiental. Universidad Tecnol\u00f3gica de Pereira<\/td><td>Gesti\u00f3n Ambiental Territorial<\/td><td>\n<ul dir=\"ltr\">\n<li>Planificaci\u00f3n Ambiental Urbano Regional.<\/li>\n<li>Gesti\u00f3n del Desarrollo Sustentable.<\/li>\n<li>Pensamiento Ambiental.<\/li>\n<\/ul>\n<\/td><\/tr><tr><td>Especialista en Gesti\u00f3n Ambiental Local. Universidad Tecnol\u00f3gica de Pereira<\/td><\/tr><tr><td>Magister en Medio Ambiente y Desarrollo. Universidad Nacional De Colombia<\/td><\/tr><tr><td>Carlos Ignacio Jim\u00e9nez Montoya<\/td><td>Licenciado en Biolog\u00eda y Qu\u00edmica. Universidad de Caldas<\/td><td>Gesti\u00f3n en Cultura y Educaci\u00f3n Ambiental<\/td><td>\n<ul dir=\"ltr\">\n<li>Pol\u00edtica P\u00fablica.<\/li>\n<li>Educaci\u00f3n Ambiental.<\/li>\n<li>Di\u00e1logo de Saberes e Interdisciplina.<\/li>\n<\/ul>\n<\/td><\/tr><tr><td>Especialista en Educaci\u00f3n Ambiental. Universidad del Quind\u00edo<\/td><\/tr><tr><td>Magister en Ciencias Ambientales. &nbsp;Universidad Tecnol\u00f3gica de Pereira<\/td><\/tr><tr><td>Alejandra Gonz\u00e1lez Acevedo<\/td><td>Administradora del Medio Ambiente. Universidad Tecnol\u00f3gica de Pereira<\/td><td>Gesti\u00f3n Ambiental Territorial<\/td><td>\n<ul dir=\"ltr\">\n<li>Econom\u00eda Ecol\u00f3gica.<\/li>\n<li>Sustentabilidad.<\/li>\n<li>Caficultura Tradicional.<\/li>\n<\/ul>\n<\/td><\/tr><tr><td>Especialista en Alta Gerencia. Universidad Libre de Pereira<\/td><\/tr><tr><td>Magister en Gerencia Ambiental. &nbsp;Universidad De Los Andes<\/td><\/tr><tr><td>Candidata a Doctora en Ciencias Ambientales. Universidad Tecnol\u00f3gica de Pereira<\/td><\/tr><tr><td>Mar\u00eda Constanza Z\u00fa\u00f1iga Torres<\/td><td>Zootecnista. Universidad Nacional de Colombia<\/td><td>Gesti\u00f3n en Agroecosistemas Tropicales Andinos<\/td><td>\n<ul dir=\"ltr\">\n<li>Actores Rurales.<\/li>\n<li>Escalonamiento de las Innovaciones.<\/li>\n<li>Organizaciones de los Sistemas Agrarios.<\/li>\n<\/ul>\n<\/td><\/tr><tr><td>Magister en Comunicaci\u00f3n Educativa. Universidad Tecnol\u00f3gica de Pereira<\/td><\/tr><tr><td>Candidata a Doctora en Ciencias Ambientales. Universidad Tecnol\u00f3gica de Pereira<\/td><\/tr><tr><td>Carlos Andr\u00e9s Sabas Ram\u00edrez<\/td><td>Ingeniero Ambiental. Universidad Libre de Pereira<\/td><td>Ecolog\u00eda, Ingenier\u00eda y Sociedad<\/td><td>\n<ul dir=\"ltr\">\n<li>Modelaci\u00f3n Recurso H\u00eddrico.<\/li>\n<li>Instrumentos de Planificaci\u00f3n y Gesti\u00f3n.<\/li>\n<li>Tecnolog\u00edas Ambientales Apropiadas.<\/li>\n<\/ul>\n<\/td><\/tr><tr><td>Magister en Ecotecnolog\u00eda. Universidad Tecnol\u00f3gica de Pereira<\/td><\/tr><tr><td>Candidato a Doctor en Ciencias Ambientales. Universidad Tecnol\u00f3gica de Pereira<\/td><\/tr><tr><td>Jorge Iv\u00e1n Orozco Betancurth<\/td><td>Ge\u00f3logo. Universidad de Caldas<\/td><td>&nbsp;<\/td><td>\n<ul dir=\"ltr\">\n<li>Impacto Ambiental.<\/li>\n<li>Asentamiento Sostenible.<\/li>\n<li>Gesti\u00f3n de la Informaci\u00f3n.<\/li>\n<\/ul>\n<\/td><\/tr><tr><td>\n<p dir=\"ltr\">Especializaci\u00f3n en Ciencias de La Tierra y Medio Ambiente. Universidad EAFIT<\/p>\n<\/td><\/tr><tr><td>\n<p dir=\"ltr\">Magister en ciencias de la tierra. Universidad EAFIT<\/p>\n<\/td><\/tr><tr><td>Jos\u00e9 Uriel Hern\u00e1ndez Arenas<\/td><td>M\u00e9dico Veterinario Zootecnista. &nbsp;Universidad de Caldas.<\/td><td>Cultura y Educaci\u00f3n Ambiental<\/td><td>\n<ul>\n<li>Agroecolog\u00eda.<\/li>\n<li>\u200bEducaci\u00f3n Ambiental.<\/li>\n<\/ul>\n<\/td><\/tr><tr><td>Especialista en Agroecolog\u00eda. Clades- Consorcio Latinoamericano de Agroecolog\u00eda y desarrollo.<\/td><\/tr><tr><td>Magister en Agroecolog\u00eda. Universidad de Caldas.<\/td><\/tr><\/tbody><\/table><\/figure>\n","protected":false},"excerpt":{"rendered":"<p>DOCENTES CATEDRATICOS NOMBRE DOCENTE TITULAR GRUPO DE INVESTIGACI\u00d3N \u00c1REAS DE INTER\u00c9S Carlos Alberto Ossa Ossa Ingeniero Industrial. &nbsp;Universidad Tecnol\u00f3gica de Pereira &nbsp; Teor\u00eda General de Sistemas Modelos de simulaci\u00f3n Metodolog\u00edas [&#8230;]<\/p>\n","protected":false},"author":1,"featured_media":0,"comment_status":"closed","ping_status":"closed","sticky":false,"template":"","format":"standard","meta":{"footnotes":""},"categories":[1],"tags":[],"class_list":["post-25","post","type-post","status-publish","format-standard","hentry","category-sin-categoria"],"_links":{"self":[{"href":"https:\/\/ambiental.utp.edu.co\/especializacion-gestion-ambiental-local\/wp-json\/wp\/v2\/posts\/25","targetHints":{"allow":["GET"]}}],"collection":[{"href":"https:\/\/ambiental.utp.edu.co\/especializacion-gestion-ambiental-local\/wp-json\/wp\/v2\/posts"}],"about":[{"href":"https:\/\/ambiental.utp.edu.co\/especializacion-gestion-ambiental-local\/wp-json\/wp\/v2\/types\/post"}],"author":[{"embeddable":true,"href":"https:\/\/ambiental.utp.edu.co\/especializacion-gestion-ambiental-local\/wp-json\/wp\/v2\/users\/1"}],"replies":[{"embeddable":true,"href":"https:\/\/ambiental.utp.edu.co\/especializacion-gestion-ambiental-local\/wp-json\/wp\/v2\/comments?post=25"}],"version-history":[{"count":3,"href":"https:\/\/ambiental.utp.edu.co\/especializacion-gestion-ambiental-local\/wp-json\/wp\/v2\/posts\/25\/revisions"}],"predecessor-version":[{"id":10181,"href":"https:\/\/ambiental.utp.edu.co\/especializacion-gestion-ambiental-local\/wp-json\/wp\/v2\/posts\/25\/revisions\/10181"}],"wp:attachment":[{"href":"https:\/\/ambiental.utp.edu.co\/especializacion-gestion-ambiental-local\/wp-json\/wp\/v2\/media?parent=25"}],"wp:term":[{"taxonomy":"category","embeddable":true,"href":"https:\/\/ambiental.utp.edu.co\/especializacion-gestion-ambiental-local\/wp-json\/wp\/v2\/categories?post=25"},{"taxonomy":"post_tag","embeddable":true,"href":"https:\/\/ambiental.utp.edu.co\/especializacion-gestion-ambiental-local\/wp-json\/wp\/v2\/tags?post=25"}],"curies":[{"name":"wp","href":"https:\/\/api.w.org\/{rel}","templated":true}]}}