{"id":24,"date":"2018-04-23T17:52:04","date_gmt":"2018-04-23T22:52:04","guid":{"rendered":"https:\/\/ambiental.utp.edu.co\/especializacion-gestion-ambiental-local\/2018\/04\/23\/planta\/"},"modified":"2024-11-14T15:10:23","modified_gmt":"2024-11-14T20:10:23","slug":"planta","status":"publish","type":"post","link":"https:\/\/ambiental.utp.edu.co\/especializacion-gestion-ambiental-local\/sin-categoria\/planta\/","title":{"rendered":"Planta"},"content":{"rendered":"\n<p><span class=\"post-content__span\"> Contamos con 17 docentes capacitados en pedagog\u00eda y ense\u00f1anza en el campo de la educaci\u00f3n superior, con t\u00edtulo de posgrado, comprometidos con el apoyo a los estudiantes\u00a0durante su proceso acad\u00e9mico.<br> \u00a0<br> El programa est\u00e1 sustentado por seis grupos de investigaci\u00f3n, entre los cuales nuestros docentes est\u00e1n vinculados: Grupo de Investigaci\u00f3n en Gesti\u00f3n de Agroecosistemas Tropicales Andinos; Grupo de Investigaci\u00f3n en Producci\u00f3n M\u00e1s Limpia; Grupo de Investigaci\u00f3n en Biodiversidad y Biotecnolog\u00eda; Grupo de Investigaci\u00f3n en Gesti\u00f3n Ambiental Territorial y Grupo de Investigaci\u00f3n en Gesti\u00f3n de la Cultura y Educaci\u00f3n Ambiental y el \u00faltimo en convenio con la Corporaci\u00f3n Aut\u00f3noma Regional de Risaralda (CARDER), Grupo de Investigaci\u00f3n en Gesti\u00f3n Ambiental.<\/p>\n\n\n\n<p><span class=\"post-content__span\"> <strong>DOCENTES DE PLANTA<\/strong><\/p>\n\n\n\n<figure class=\"wp-block-table is-style-stripes\"><table class=\"has-fixed-layout\"><thead><tr><th><strong>Docente<\/strong><\/th><th><strong>T\u00edtulo Pregrado<\/strong><\/th><th><strong>Nivel de Formaci\u00f3n- Posgrado<\/strong><\/th><th><strong>L\u00ednea de Investigaci\u00f3n<\/strong><\/th><th><strong>CvLAC<\/strong><\/th><\/tr><\/thead><tbody><tr><td><strong>Andr\u00e9s Alberto Duque Nivia<\/strong><\/td><td>Bi\u00f3logo Bot\u00e1nico<\/td><td>PhD. Ciencias Forestales<\/td><td>1. Diversidad Biol\u00f3gica y producci\u00f3n agroforestal<\/td><td><a href=\"http:\/\/scienti.colciencias.gov.co:8081\/cvlac\/visualizador\/generarCurriculoCv.do?cod_rh=0000154970\">CvLAC<\/a><\/td><\/tr><tr><td><strong>Carlos Eduardo L\u00f3pez Casta\u00f1o<\/strong><\/td><td>Antrop\u00f3logo<\/td><td>PhD. Antropolog\u00eda<\/td><td>1. Ecolog\u00eda Hist\u00f3rica y Patrimonio Cultural<\/td><td><a href=\"http:\/\/scienti.colciencias.gov.co:8081\/cvlac\/visualizador\/generarCurriculoCv.do?cod_rh=0000047279\">CvLAC<\/a><\/td><\/tr><tr><td><strong>Diego Paredes Cuervo<\/strong><\/td><td>Ingeniero Sanitario<\/td><td>PhD. Ingenier\u00eda<\/td><td>1. Fitoremediaci\u00f3n de aguas residuales dom\u00e9sticas e industriales<br>2. Selecci\u00f3n de Tecnolog\u00edas para el Tratamiento de Aguas Residuales Dom\u00e9sticas<br>3. Calidad y Fuentes de Contaminaci\u00f3n de Recursos H\u00eddricos<br>4. Gesti\u00f3n Integral de Residuos S\u00f3lidos<\/td><td><a href=\"http:\/\/scienti.colciencias.gov.co:8081\/cvlac\/visualizador\/generarCurriculoCv.do?cod_rh=0000091340\">CvLAC<\/a><\/td><\/tr><tr><td><strong>Hugo L\u00f3pez Mart\u00ednez<\/strong><\/td><td>Historiador<\/td><td>PhD. Historia en Am\u00e9rica Latina<\/td><td>1. Estudios Socioculturales y Problem\u00e1tica Ambiental<\/td><td><a href=\"http:\/\/scienti.colciencias.gov.co:8081\/cvlac\/visualizador\/generarCurriculoCv.do?cod_rh=0001182013\">CvLAC<\/a><\/td><\/tr><tr><td><strong>Jhon Jairo Arias Mendoza<\/strong><\/td><td>Economista Industrial<\/td><td>MSc. Administraci\u00f3n Econ\u00f3mica y Financiera<\/td><td>1. Econom\u00eda para la Gesti\u00f3n Ambiental<\/td><td><a href=\"http:\/\/scienti.colciencias.gov.co:8081\/cvlac\/visualizador\/generarCurriculoCv.do?cod_rh=0000466751\">CvLAC<\/a><\/td><\/tr><tr><td><strong>Jhoniers Guerrero Erazo<\/strong><\/td><td>Ingeniero Sanitario<\/td><td>PhD. Ingenier\u00eda<\/td><td>1. Fitoremediaci\u00f3n 2.\u00a0Humedales para el Tratamiento de Aguas Residuales Dom\u00e9sticas <br>3. Selecci\u00f3n de Tecnolog\u00edas para el Tratamiento de Aguas Residuales Dom\u00e9sticas <br>4. Calidad y Fuentes de Contaminaci\u00f3n de Recursos H\u00eddricos 5. Manejo de Residuos S\u00f3lido <br>6. Uso eficiente del recurso h\u00eddrico<\/td><td><a href=\"http:\/\/scienti.colciencias.gov.co:8081\/cvlac\/visualizador\/generarCurriculoCv.do?cod_rh=0000227196\">CvLAC<\/a><\/td><\/tr><tr><td><strong>Jorge Augusto Montoya Arango<\/strong><\/td><td>Ingeniero Mec\u00e1nico<\/td><td>PhD. Ciencias Naturales<\/td><td>1. Sistemas de gesti\u00f3n ambiental y calidad empresarial <br>2. producci\u00f3n m\u00e1s limpia y tecnolog\u00edas ambientales <br>3. investigaci\u00f3n tecnol\u00f3gica de la guadua &#8211; secado de madera y procesos industriales de producci\u00f3n de madera <br>4. secado artificial de la guadua<br>5. Aire\/Ruido <br>6. Eficiencia Energ\u00e9tica <br>7. Agua<\/td><td><a href=\"http:\/\/scienti.colciencias.gov.co:8081\/cvlac\/visualizador\/generarCurriculoCv.do?cod_rh=0000209155\">CvLAC<\/a><\/td><\/tr><tr><td><strong>Juan Carlos Camargo Garc\u00eda<\/strong><\/td><td>Agr\u00f3logo<\/td><td>PhD. Ciencias Forestales<\/td><td>1. Sistemas Agroforestales <br>2. Ecolog\u00eda del suelo <br>3. Gesti\u00f3n Ambiental Rural <br>4. Inventario, Silvicultura y planificaci\u00f3n de Bosques de Bamb\u00fa <br>5. Estrategias para la Adaptaci\u00f3n y Mitigaci\u00f3n al Cambio Clim\u00e1tico<\/td><td><a href=\"http:\/\/scienti.colciencias.gov.co:8081\/cvlac\/visualizador\/generarCurriculoCv.do?cod_rh=0000217387\">CvLAC<\/a><\/td><\/tr><tr><td><strong>Juan Mauricio Casta\u00f1o&nbsp; Rojas<\/strong><\/td><td>Ingeniero Qu\u00edmico<\/td><td>PhD. Ingenier\u00eda Ecol\u00f3gica<\/td><td>1. Fitoremediaci\u00f3n de aguas dom\u00e9sticas e Industriales <br>2. Selecci\u00f3n de Tecnolog\u00eda para el Tratamiento de Aguas Residuales Dom\u00e9sticas <br>3. Calidad y Fuentes de Contaminaci\u00f3n de Recursos H\u00eddricos 4. Gesti\u00f3n Integral de Residuos S\u00f3lidos <br>5. Gesti\u00f3n Comunitaria en Proyectos de Saneamiento B\u00e1sico<\/td><td><a href=\"http:\/\/scienti.colciencias.gov.co:8081\/cvlac\/visualizador\/generarCurriculoCv.do?cod_rh=0000222747\">CvLAC<\/a><\/td><\/tr><tr><td><strong>Le\u00f3n Felipe Cubillos Quintero<\/strong><\/td><td>Licenciado en Filosof\u00eda y Letras<\/td><td>PhD. Sociolog\u00eda del desarrollo<\/td><td>1. Estudios Socioculturales y Problem\u00e1tica Ambiental<\/td><td><a href=\"http:\/\/scienti.colciencias.gov.co:8081\/cvlac\/visualizador\/generarCurriculoCv.do?cod_rh=0000220272\">CvLAC<\/a><\/td><\/tr><tr><td><strong>Luis Gonzaga Guti\u00e9rrez L\u00f3pez<\/strong><\/td><td>Bi\u00f3logo<\/td><td>PhD. Biotecnolog\u00eda Vegeta<\/td><td>1. Estudios de diversidad biol\u00f3gica <br>2. Micropropagaci\u00f3n de especies forestales <br>3. Marcadores moleculares <br>4. Variaci\u00f3n somaclonal<br>5. Embriog\u00e9nesis som\u00e1tica<\/td><td><a href=\"http:\/\/scienti.colciencias.gov.co:8081\/cvlac\/visualizador\/generarCurriculoCv.do?cod_rh=0000166200\">CvLAC<\/a><\/td><\/tr><tr><td><strong>Samuel Guzm\u00e1n L\u00f3pez<\/strong><\/td><td>Economista<\/td><td>MSc. Desarrollo Sustentable<br><br>PhD. en Ciencias Ambientales<\/td><td>1. Gesti\u00f3n Ambiental Regional <br>2. H\u00e1bitat sustentable <br>3. Gesti\u00f3n Ambiental Urbano \u2013 Regional <br>4. Gesti\u00f3n econ\u00f3mica &#8211; productiva del medio ambiente <br>5. Econom\u00eda ambiental y de los recursos naturales<\/td><td><a href=\"http:\/\/scienti.colciencias.gov.co:8081\/cvlac\/visualizador\/generarCurriculoCv.do?cod_rh=0000225037\">CvLAC<\/a><\/td><\/tr><tr><td><strong>Tito Morales Pinz\u00f3n<\/strong><\/td><td>Administrador Ambiental<\/td><td>PhD. Ciencia y Tecnolog\u00eda Ambiental<\/td><td>1. Silvicultura en especies tropicales nativas <br>2. Sostenibilidad h\u00eddrica urbana <br>3. Modelaci\u00f3n y Gesti\u00f3n Ambiental 4. Metabolismo Urbano y Modelos Ambientales<\/td><td><a href=\"http:\/\/scienti.colciencias.gov.co:8081\/cvlac\/visualizador\/generarCurriculoCv.do?cod_rh=0000216585\">CvLAC<\/a><\/td><\/tr><\/tbody><\/table><\/figure>\n\n\n\n<p><span class=\"post-content__span\"> <\/p>\n","protected":false},"excerpt":{"rendered":"<p>Contamos con 17 docentes capacitados en pedagog\u00eda y ense\u00f1anza en el campo de la educaci\u00f3n superior, con t\u00edtulo de posgrado, comprometidos con el apoyo a los estudiantes\u00a0durante su proceso acad\u00e9mico. [&#8230;]<\/p>\n","protected":false},"author":1,"featured_media":0,"comment_status":"closed","ping_status":"closed","sticky":false,"template":"","format":"standard","meta":{"footnotes":""},"categories":[1],"tags":[],"class_list":["post-24","post","type-post","status-publish","format-standard","hentry","category-sin-categoria"],"_links":{"self":[{"href":"https:\/\/ambiental.utp.edu.co\/especializacion-gestion-ambiental-local\/wp-json\/wp\/v2\/posts\/24","targetHints":{"allow":["GET"]}}],"collection":[{"href":"https:\/\/ambiental.utp.edu.co\/especializacion-gestion-ambiental-local\/wp-json\/wp\/v2\/posts"}],"about":[{"href":"https:\/\/ambiental.utp.edu.co\/especializacion-gestion-ambiental-local\/wp-json\/wp\/v2\/types\/post"}],"author":[{"embeddable":true,"href":"https:\/\/ambiental.utp.edu.co\/especializacion-gestion-ambiental-local\/wp-json\/wp\/v2\/users\/1"}],"replies":[{"embeddable":true,"href":"https:\/\/ambiental.utp.edu.co\/especializacion-gestion-ambiental-local\/wp-json\/wp\/v2\/comments?post=24"}],"version-history":[{"count":8,"href":"https:\/\/ambiental.utp.edu.co\/especializacion-gestion-ambiental-local\/wp-json\/wp\/v2\/posts\/24\/revisions"}],"predecessor-version":[{"id":10231,"href":"https:\/\/ambiental.utp.edu.co\/especializacion-gestion-ambiental-local\/wp-json\/wp\/v2\/posts\/24\/revisions\/10231"}],"wp:attachment":[{"href":"https:\/\/ambiental.utp.edu.co\/especializacion-gestion-ambiental-local\/wp-json\/wp\/v2\/media?parent=24"}],"wp:term":[{"taxonomy":"category","embeddable":true,"href":"https:\/\/ambiental.utp.edu.co\/especializacion-gestion-ambiental-local\/wp-json\/wp\/v2\/categories?post=24"},{"taxonomy":"post_tag","embeddable":true,"href":"https:\/\/ambiental.utp.edu.co\/especializacion-gestion-ambiental-local\/wp-json\/wp\/v2\/tags?post=24"}],"curies":[{"name":"wp","href":"https:\/\/api.w.org\/{rel}","templated":true}]}}