{"id":20,"date":"2018-04-23T17:44:52","date_gmt":"2018-04-23T22:44:52","guid":{"rendered":"https:\/\/ambiental.utp.edu.co\/especializacion-gestion-ambiental-local\/2018\/04\/23\/material-bibliografico\/"},"modified":"2018-04-23T17:44:52","modified_gmt":"2018-04-23T22:44:52","slug":"material-bibliografico","status":"publish","type":"post","link":"https:\/\/ambiental.utp.edu.co\/especializacion-gestion-ambiental-local\/sin-categoria\/material-bibliografico\/","title":{"rendered":"Material Bibliogr\u00e1fico"},"content":{"rendered":"\n<ul class=\"wp-block-list\"><li>BORGES S\u00c1IZ, Federico. (2005). \u00ab<em>La frustraci\u00f3n del estudiante en l\u00ednea. Causas y acciones preventivas\u00bb<\/em>. Digithum [art\u00edculo en l\u00ednea]. UOC. N. \u00ba 7. [Fecha de consulta: dd\/mm\/aa].&lt;<a href=\"http:\/\/www.uoc.edu\/digithum\/7\/dt\/esp\/borges.pdf\" target=\"_blank\" rel=\"noopener noreferrer\">http:\/\/www.uoc.edu\/digithum\/7\/dt\/esp\/borges.pdf<\/a>&gt; ISSN 1575-2275.<\/li><li>BUSTOS S\u00c1NCHEZ, Alfonso; COLL SALVADOR, C\u00e9sar. (2010). <em>Los entornos virtuales como espacios de ense\u00f1anza y aprendizaje. Una perspectiva psicoeducativa para su caracterizaci\u00f3n y an\u00e1lisis<\/em>. Revista Mexicana de Investigaci\u00f3n Educativa, Vol. 15, N\u00fam. 44, enero-marzo, 2010. , pp. 163-184.<\/li><li>CALDWELL,&nbsp; K. L. Ecolog\u00eda, ciencia y pol\u00edtica medioambiental, citado por VEGA, Leonel. Gesti\u00f3n medioambiental: un enfoque sist\u00e9mico para la protecci\u00f3n global e integral del medio ambiente. Bogot\u00e1 D.C: Tercer Mundo Editores, 1998. 231 p.<\/li><li>COLOMBIA. CONSEJO SUPERIOR UNIVERSIDAD TECNOL\u00d3GICA DE PEREIRA. Acuerdo 15 (07, junio, 2006). Por medio del cual se restructura el reglamento de los estudios de posgrado y de los respectivos trabajos de grado. Pereira, 2006.<\/li><li>COLOMBIA. MINISTERIO DEL MEDIO AMBIENTE Y MINISTERIO DE EDUCACION NACIONAL. Pol\u00edtica Nacional de Educaci\u00f3n Ambiental SINA. (Julio, 2002). Bogot\u00e1. D.C., 2002. 28 p.<\/li><li><em>COLL, C\u00e9sar; Monereo, Carles. (2008). Psicolog\u00eda de la educaci\u00f3n virtual. Ense\u00f1ar y aprender con las tecnolog\u00edas de la informaci\u00f3n<\/em> <em>y la comunicaci\u00f3n, <\/em>Madrid. Ediciones Morata.<\/li><li>COLL C.; MAURI, T. y ONRUBIA, J. (2008). \u201c<em>La incorporaci\u00f3n de las TIC a la educaci\u00f3n: del dise\u00f1o tecno-pedag\u00f3gico a las pr\u00e1cticas de uso<\/em>\u201d, en C. Coll y C. Monereo (eds.)<\/li><li>DECRETO &nbsp;No. 1295 de abril 20 de 2010. Por el cual se reglamenta el&nbsp;registro calificado de que trata la Ley 1188 de 2008 y la oferta y desarrollo de programas acad\u00e9micos de educaci\u00f3n superior.<\/li><li>GUZMAN, Samuel. M\u00f3dulo Gesti\u00f3n Ambiental. Especializaci\u00f3n en Gesti\u00f3n Ambiental Local. Pereira: Facultad de Ciencias Ambientales, Universidad Tecnol\u00f3gica de Pereira.<\/li><li>Ministerio de Educaci\u00f3n Nacional. (2006). &nbsp;<em>Visi\u00f3n 2019 \u2013 Educaci\u00f3n<\/em>.&nbsp; Bogot\u00e1. MEN<\/li><li>&#8212;&#8212;&#8211;. (2007). &nbsp;<em>Educaci\u00f3n Superior por ciclos y competencias<\/em>.&nbsp; Documento preparado para el MEN por el Convenio de Asociaci\u00f3n eLearning Colombia 2.0.<\/li><li>&#8212;&#8212;&#8212;. (2010). <em>Propuesta de lineamientos para la educaci\u00f3n virtual en la educaci\u00f3n Superior<\/em>. Disponible en <a href=\"http:\/\/polivirtual.elpoli.edu.co.s70427.gridserver.com\/images\/stories\/propuestalineamientos.pdf\" target=\"_blank\" rel=\"noopener noreferrer\">http:\/\/polivirtual.elpoli.edu.co.s70427.gridserver.com\/images\/stories\/propuestalineamientos.pdf<\/a><\/li><li>&#8212;&#8212;&#8211;. &nbsp;(2010). &nbsp;<em>Revoluci\u00f3n Educativa 2002 \u2013 2010<\/em>.&nbsp; Acciones y Lecciones.&nbsp; Bogot\u00e1.&nbsp; Formas e impresos SA.<\/li><li>MONEREO, C. y POZO, J. I. (2008). <em>El alumno en entornos virtuales: condiciones, perfil y competencias<\/em>. Ediciones Morata. Madrid.<\/li><li>MORALES, David. y KLEINN, Christoph. Inventario de las existencias de <em>Guadua angustifolia<\/em> en el Eje Cafetero de Colombia. En: Proceedings International Symposium Guadua (22-25, 2004, Noviembre: Pereira, Risaralda, Colombia). Memories. 11 p.<\/li><li>MORALES, David y KLEINN, Christoph. Resources assessment study of Guadua Bamboo (<em>Guadua angustifolia<\/em>) in the coffe Region of Colombia. En: Proceedings Conference on International Agricultural Research for Development (5-7, 2004, October: Berlin-Germany). Memories.&nbsp; 4 p.<\/li><li>MORENO TAPIA, J. (2009). <em>Diagn\u00f3stico de los usos e incorporaci\u00f3n de las TIC en un escenario universitario<\/em>. En: D\u00edaz F., Herandez G., y Rigo, M. A. Aprender y ense\u00f1ar con TIC en educaci\u00f3n superior: contribuciones del socioconstructivismo. Universidad Aut\u00f3noma de M\u00e9xico. Facultad de psicolog\u00eda.<\/li><li>OSPINA MARIN, Samuel. Manual de Gesti\u00f3n Ambiental Local. Pereira: Universidad Tecnol\u00f3gica de Pereira, 2000.<\/li><li>PLAN NACIONAL DE DESARROLLO 2014 \u2013 20 18 \u201cTodos por un nuevo pa\u00eds. Paz, Equidad y Educaci\u00f3n\u201d<\/li><li>POGLIESE, H\u00e9ctor. Redes de gesti\u00f3n Asociada. Buenos Aires: FLACSO, 1998.<\/li><li>PNUMA. Red de Formaci\u00f3n Ambiental para Am\u00e9rica Latina y el Caribe. Manifiesto por la vida: <em>por una \u00c9tica para la sustentabilidad. <\/em>[en l\u00ednea]. [citado 6 de marzo de 2012]. Disponible en Internet: <a href=\"http:\/\/www.pnuma.org\/educamb\/mantexto.php\">http:\/\/www.pnuma.org\/educamb\/mantexto.php<\/a>.<\/li><li>SOCIETY FOR ECOLOGICAL RESTORATION INTERNATIONAL SCIENCE &amp; POLICY WORKING GROUP. 2004. The SER International Primer on Ecological Restoration. www.ser.org &amp; Tucson: Society for Ecological Restoration International.<\/li><li>TOB\u00d3N M., y Romero F., (2001). La universidad virtual. An\u00e1lisis de la situaci\u00f3n global.&nbsp;<em>Revista De Ciencias Humanas, 26,.<\/em><\/li><li>TOB\u00d3N M.,&nbsp; ROMERO F., Y GIL H., (2001). La universidad a distancia y la universidad virtual: El modelo pedag\u00f3gico.&nbsp;<em>Revista De Ciencias Humanas, 28,.<\/em><\/li><li>TOB\u00d3N, M. (2007).&nbsp;<em>Dise\u00f1o instruccional en un entorno de aprendizaje abierto.<\/em>Colombia: Postergraph.<\/li><li>TOB\u00d3N, M.I y Otros. &nbsp;(2010). &nbsp;<em>La formaci\u00f3n docente al incorporar las TIC en los procesos de ense\u00f1anza y aprendizaje.<\/em> &nbsp;Pereira: Publiprint. &nbsp;<\/li><li>UNESCO. &nbsp;(2008). &nbsp;<em>Est\u00e1ndares UNESCO de competencia en TIC para docentes.<\/em> &nbsp;Recuperado el 14 de Abril de 2010 del sitio Web de Eduteka: &nbsp;<a href=\"http:\/\/www.eduteka.org\/EstandaresDocentesUnesco.php\" target=\"_blank\" rel=\"noopener noreferrer\">http:\/\/www.eduteka.org\/EstandaresDocentesUnesco.php<\/a><\/li><li>UNIGARRO, M. (2004). &nbsp;<em>Educaci\u00f3n Virtual, Encuentro formativo en el ciberespacio<\/em>. &nbsp;2\u00aa Edici\u00f3n.&nbsp; Bucaramanga (Colombia). UNAB.<\/li><li>UNIVERSIDAD TECNOL\u00d3GICA DE PEREIRA. &nbsp;<em>Plan de Desarrollo Institucional 2009 \u2013 2019.<\/em> &nbsp;Resumen ejecutivo.<\/li><li>LOZANO, J. y otros. (2014). Documento de trabajo, Conceptualizaci\u00f3n y Lineamientos para le Educaci\u00f3n Mediada por las Tecnolog\u00edas de la Informaci\u00f3n y Comunicaci\u00f3n en la Universidad Tecnol\u00f3gica de Pereira. Univirtual.&nbsp;<\/li><li>VEGA M., Leonel. Gesti\u00f3n medioambiental: un enfoque sist\u00e9mico para la protecci\u00f3n global e integral del medio ambiente. Bogot\u00e1 D.C: Tercer Mundo Editores, 1998. 231 p.<\/li><li>VIGOTSKY, Lev. (1978-79). Teor\u00eda del constructivismo social. Disponible en: <a href=\"http:\/\/constructivismos.blogspot.com\/...\/teoria-del-constructivismo-social-d.\" target=\"_blank\" rel=\"noopener noreferrer\">constructivismos.blogspot.com\/&#8230;\/teoria-del-constructivismo-social-d.<\/a>..&nbsp;&#8211;<\/li><\/ul>\n","protected":false},"excerpt":{"rendered":"<p>BORGES S\u00c1IZ, Federico. (2005). \u00abLa frustraci\u00f3n del estudiante en l\u00ednea. Causas y acciones preventivas\u00bb. Digithum [art\u00edculo en l\u00ednea]. UOC. N. \u00ba 7. [Fecha de consulta: dd\/mm\/aa].&lt;http:\/\/www.uoc.edu\/digithum\/7\/dt\/esp\/borges.pdf&gt; ISSN 1575-2275. BUSTOS S\u00c1NCHEZ, [&#8230;]<\/p>\n","protected":false},"author":1,"featured_media":0,"comment_status":"closed","ping_status":"closed","sticky":false,"template":"","format":"standard","meta":{"footnotes":""},"categories":[1],"tags":[],"class_list":["post-20","post","type-post","status-publish","format-standard","hentry","category-sin-categoria"],"_links":{"self":[{"href":"https:\/\/ambiental.utp.edu.co\/especializacion-gestion-ambiental-local\/wp-json\/wp\/v2\/posts\/20","targetHints":{"allow":["GET"]}}],"collection":[{"href":"https:\/\/ambiental.utp.edu.co\/especializacion-gestion-ambiental-local\/wp-json\/wp\/v2\/posts"}],"about":[{"href":"https:\/\/ambiental.utp.edu.co\/especializacion-gestion-ambiental-local\/wp-json\/wp\/v2\/types\/post"}],"author":[{"embeddable":true,"href":"https:\/\/ambiental.utp.edu.co\/especializacion-gestion-ambiental-local\/wp-json\/wp\/v2\/users\/1"}],"replies":[{"embeddable":true,"href":"https:\/\/ambiental.utp.edu.co\/especializacion-gestion-ambiental-local\/wp-json\/wp\/v2\/comments?post=20"}],"version-history":[{"count":1,"href":"https:\/\/ambiental.utp.edu.co\/especializacion-gestion-ambiental-local\/wp-json\/wp\/v2\/posts\/20\/revisions"}],"predecessor-version":[{"id":10019,"href":"https:\/\/ambiental.utp.edu.co\/especializacion-gestion-ambiental-local\/wp-json\/wp\/v2\/posts\/20\/revisions\/10019"}],"wp:attachment":[{"href":"https:\/\/ambiental.utp.edu.co\/especializacion-gestion-ambiental-local\/wp-json\/wp\/v2\/media?parent=20"}],"wp:term":[{"taxonomy":"category","embeddable":true,"href":"https:\/\/ambiental.utp.edu.co\/especializacion-gestion-ambiental-local\/wp-json\/wp\/v2\/categories?post=20"},{"taxonomy":"post_tag","embeddable":true,"href":"https:\/\/ambiental.utp.edu.co\/especializacion-gestion-ambiental-local\/wp-json\/wp\/v2\/tags?post=20"}],"curies":[{"name":"wp","href":"https:\/\/api.w.org\/{rel}","templated":true}]}}