{"id":2,"date":"2018-04-23T15:57:24","date_gmt":"2018-04-23T20:57:24","guid":{"rendered":"https:\/\/ambiental.utp.edu.co\/especializacion-gestion-ambiental-local\/2018\/04\/23\/historia\/"},"modified":"2022-09-12T09:31:22","modified_gmt":"2022-09-12T14:31:22","slug":"historia","status":"publish","type":"post","link":"https:\/\/ambiental.utp.edu.co\/especializacion-gestion-ambiental-local\/sin-categoria\/historia\/","title":{"rendered":"Historia"},"content":{"rendered":"<div class=\"wp-block-image\">\n<figure class=\"aligncenter is-resized\"><img decoding=\"async\" src=\"https:\/\/media2.utp.edu.co\/programas\/4\/historia.png\" alt=\"historia\" width=\"300\"\/><\/figure>\n<\/div>\n\n\n<p><span class=\"post-content__span\"> Programa de posgrado aprobado mediante el Acuerdo 21 del 13 de julio del 2000 expedido por el Consejo Superior.<br>\n&nbsp;<br>\nNuestra especializaci\u00f3n fue creada con el objetivo de formar personas capaces comprender y valorar los problemas medioambientales en los territorios locales, a partir de la participaci\u00f3n activa en las comunidades, en busca de propiciar las soluciones m\u00e1s adecuadas a los retos que impone la sostenibilidad ambiental,&nbsp; con visi\u00f3n hol\u00edstica y s\u00f3lida.<br>\n&nbsp;<br>\nContamos con una infraestructura apta para el proceso de ense\u00f1anza &#8211; aprendizaje de los procesos de gesti\u00f3n ambiental y participaci\u00f3n comunitaria en los eslabones de la cadena productiva de la guadua: silvicultura, cosecha y pos-cosecha, procesos de transformaci\u00f3n industrial, construcci\u00f3n de estructuras y comercializaci\u00f3n de productos en Guadua.<br>\n&nbsp;<br>\nNuestros Laboratorios de Qu\u00edmica Ambiental, de Ecolog\u00eda Hist\u00f3rica y Patrimonio Cultural, de Sistemas de Informaci\u00f3n Geogr\u00e1fica, de Biolog\u00eda Vegetal y Biolog\u00eda Molecular, aportan a la pr\u00e1ctica de los conocimientos te\u00f3ricos adquiridos por los estudiantes, durante todo el periodo de estudio.<\/p>\n\n\n\n<div>&nbsp;<\/div>\n","protected":false},"excerpt":{"rendered":"<p>Programa de posgrado aprobado mediante el Acuerdo 21 del 13 de julio del 2000 expedido por el Consejo Superior. &nbsp; Nuestra especializaci\u00f3n fue creada con el objetivo de formar personas [&#8230;]<\/p>\n","protected":false},"author":1,"featured_media":0,"comment_status":"closed","ping_status":"closed","sticky":false,"template":"","format":"standard","meta":{"footnotes":""},"categories":[1],"tags":[],"class_list":["post-2","post","type-post","status-publish","format-standard","hentry","category-sin-categoria"],"_links":{"self":[{"href":"https:\/\/ambiental.utp.edu.co\/especializacion-gestion-ambiental-local\/wp-json\/wp\/v2\/posts\/2","targetHints":{"allow":["GET"]}}],"collection":[{"href":"https:\/\/ambiental.utp.edu.co\/especializacion-gestion-ambiental-local\/wp-json\/wp\/v2\/posts"}],"about":[{"href":"https:\/\/ambiental.utp.edu.co\/especializacion-gestion-ambiental-local\/wp-json\/wp\/v2\/types\/post"}],"author":[{"embeddable":true,"href":"https:\/\/ambiental.utp.edu.co\/especializacion-gestion-ambiental-local\/wp-json\/wp\/v2\/users\/1"}],"replies":[{"embeddable":true,"href":"https:\/\/ambiental.utp.edu.co\/especializacion-gestion-ambiental-local\/wp-json\/wp\/v2\/comments?post=2"}],"version-history":[{"count":2,"href":"https:\/\/ambiental.utp.edu.co\/especializacion-gestion-ambiental-local\/wp-json\/wp\/v2\/posts\/2\/revisions"}],"predecessor-version":[{"id":10151,"href":"https:\/\/ambiental.utp.edu.co\/especializacion-gestion-ambiental-local\/wp-json\/wp\/v2\/posts\/2\/revisions\/10151"}],"wp:attachment":[{"href":"https:\/\/ambiental.utp.edu.co\/especializacion-gestion-ambiental-local\/wp-json\/wp\/v2\/media?parent=2"}],"wp:term":[{"taxonomy":"category","embeddable":true,"href":"https:\/\/ambiental.utp.edu.co\/especializacion-gestion-ambiental-local\/wp-json\/wp\/v2\/categories?post=2"},{"taxonomy":"post_tag","embeddable":true,"href":"https:\/\/ambiental.utp.edu.co\/especializacion-gestion-ambiental-local\/wp-json\/wp\/v2\/tags?post=2"}],"curies":[{"name":"wp","href":"https:\/\/api.w.org\/{rel}","templated":true}]}}