{"id":15,"date":"2018-04-23T17:34:28","date_gmt":"2018-04-23T22:34:28","guid":{"rendered":"https:\/\/ambiental.utp.edu.co\/especializacion-gestion-ambiental-local\/2018\/04\/23\/requisitos-de-graduacion\/"},"modified":"2022-09-12T09:23:34","modified_gmt":"2022-09-12T14:23:34","slug":"requisitos-de-graduacion","status":"publish","type":"post","link":"https:\/\/ambiental.utp.edu.co\/especializacion-gestion-ambiental-local\/sin-categoria\/requisitos-de-graduacion\/","title":{"rendered":"Requisitos de Graduaci\u00f3n"},"content":{"rendered":"<div class=\"wp-block-image\">\n<figure class=\"aligncenter is-resized\"><img decoding=\"async\" src=\"https:\/\/media2.utp.edu.co\/programas\/4\/requisitos-de-graduacion.png\" alt=\"requisitos-de-graduacion\" width=\"300\"\/><\/figure>\n<\/div>\n\n\n<p><span class=\"post-content__span\"> Los requisitos para optar al t\u00edtulo de Especialista en Gesti\u00f3n Ambiental Local son:<\/p>\n\n\n\n<ul class=\"wp-block-list\"><li dir=\"ltr\">\n<p dir=\"ltr\">Del total de cr\u00e9ditos ofrecidos, los estudiantes deben tomar y aprobar, entre asignaturas obligatorias y electivas 33 cr\u00e9ditos con un promedio final superior o igual &nbsp;a 3,5,<\/p>\n<\/li><li dir=\"ltr\">\n<p dir=\"ltr\">Elaborar, presentar, sustentar y aprobar el trabajo de grado de conformidad con lo establecido en el Acuerdo N\u00ba15 de 2006 del Consejo Superior de la Universidad Tecnol\u00f3gica de Pereira,<\/p>\n<\/li><\/ul>\n","protected":false},"excerpt":{"rendered":"<p>Los requisitos para optar al t\u00edtulo de Especialista en Gesti\u00f3n Ambiental Local son: Del total de cr\u00e9ditos ofrecidos, los estudiantes deben tomar y aprobar, entre asignaturas obligatorias y electivas 33 [&#8230;]<\/p>\n","protected":false},"author":1,"featured_media":0,"comment_status":"closed","ping_status":"closed","sticky":false,"template":"","format":"standard","meta":{"footnotes":""},"categories":[1],"tags":[],"class_list":["post-15","post","type-post","status-publish","format-standard","hentry","category-sin-categoria"],"_links":{"self":[{"href":"https:\/\/ambiental.utp.edu.co\/especializacion-gestion-ambiental-local\/wp-json\/wp\/v2\/posts\/15","targetHints":{"allow":["GET"]}}],"collection":[{"href":"https:\/\/ambiental.utp.edu.co\/especializacion-gestion-ambiental-local\/wp-json\/wp\/v2\/posts"}],"about":[{"href":"https:\/\/ambiental.utp.edu.co\/especializacion-gestion-ambiental-local\/wp-json\/wp\/v2\/types\/post"}],"author":[{"embeddable":true,"href":"https:\/\/ambiental.utp.edu.co\/especializacion-gestion-ambiental-local\/wp-json\/wp\/v2\/users\/1"}],"replies":[{"embeddable":true,"href":"https:\/\/ambiental.utp.edu.co\/especializacion-gestion-ambiental-local\/wp-json\/wp\/v2\/comments?post=15"}],"version-history":[{"count":2,"href":"https:\/\/ambiental.utp.edu.co\/especializacion-gestion-ambiental-local\/wp-json\/wp\/v2\/posts\/15\/revisions"}],"predecessor-version":[{"id":10141,"href":"https:\/\/ambiental.utp.edu.co\/especializacion-gestion-ambiental-local\/wp-json\/wp\/v2\/posts\/15\/revisions\/10141"}],"wp:attachment":[{"href":"https:\/\/ambiental.utp.edu.co\/especializacion-gestion-ambiental-local\/wp-json\/wp\/v2\/media?parent=15"}],"wp:term":[{"taxonomy":"category","embeddable":true,"href":"https:\/\/ambiental.utp.edu.co\/especializacion-gestion-ambiental-local\/wp-json\/wp\/v2\/categories?post=15"},{"taxonomy":"post_tag","embeddable":true,"href":"https:\/\/ambiental.utp.edu.co\/especializacion-gestion-ambiental-local\/wp-json\/wp\/v2\/tags?post=15"}],"curies":[{"name":"wp","href":"https:\/\/api.w.org\/{rel}","templated":true}]}}