{"id":12,"date":"2018-04-23T16:01:49","date_gmt":"2018-04-23T21:01:49","guid":{"rendered":"https:\/\/ambiental.utp.edu.co\/especializacion-gestion-ambiental-local\/2018\/04\/23\/horario-duracion-e-intensidad\/"},"modified":"2022-09-12T09:28:21","modified_gmt":"2022-09-12T14:28:21","slug":"horario-duracion-e-intensidad","status":"publish","type":"post","link":"https:\/\/ambiental.utp.edu.co\/especializacion-gestion-ambiental-local\/sin-categoria\/horario-duracion-e-intensidad\/","title":{"rendered":"Horario Duraci\u00f3n e Intensidad"},"content":{"rendered":"<div class=\"wp-block-image\">\n<figure class=\"aligncenter is-resized\"><img decoding=\"async\" src=\"https:\/\/media2.utp.edu.co\/programas\/4\/horario-duracion-e-intensidad.png\" alt=\"horario-duracion-e-intensidad\" width=\"300\"\/><\/figure>\n<\/div>\n\n\n<p><span class=\"post-content__span\"> El programa de Especializaci\u00f3n en Gesti\u00f3n Ambiental Local se desarrolla en 5 trimestres con un total de 33 cr\u00e9ditos. Cada cr\u00e9dito equivale a 15 horas de clase, trabajo en seminario o investigaci\u00f3n personal o colectiva con asesoramiento directo de los profesores. En total la especializaci\u00f3n exige como m\u00ednimo 454 horas de trabajo acad\u00e9mico por parte de los estudiantes.<\/p>\n\n\n\n<p><span class=\"post-content__span\"> El plan de estudios se desarrolla bajo el principio de la flexibilidad acad\u00e9mica, dando al estudiante la oportunidad de elegir entre 9 materias electivas de las cuales 4 son obligatorias. Dichas asignaturas corresponden a los problemas y oportunidades ambientales en las que el estudiante profundizara sus conocimientos y con la ayuda de las asignaturas del \u00e1rea instrumental tendr\u00e1 la capacidad de planear, coordinar, evaluar y ejecutar planes, programas y proyectos de mejoramiento ambiental.<\/p>\n\n\n\n<p><span class=\"post-content__span\"> <strong>Periodicidad de la admisi\u00f3n: Anual<\/strong><\/p>\n\n\n\n<p><span class=\"post-content__span\"> Presencial Fines de Semana, en jornada mixta<\/p>\n\n\n\n<p><span class=\"post-content__span\"> Viernes Nocturna<\/p>\n\n\n\n<p><span class=\"post-content__span\"> S\u00e1bados Diurna<\/p>\n","protected":false},"excerpt":{"rendered":"<p>El programa de Especializaci\u00f3n en Gesti\u00f3n Ambiental Local se desarrolla en 5 trimestres con un total de 33 cr\u00e9ditos. Cada cr\u00e9dito equivale a 15 horas de clase, trabajo en seminario [&#8230;]<\/p>\n","protected":false},"author":1,"featured_media":0,"comment_status":"closed","ping_status":"closed","sticky":false,"template":"","format":"standard","meta":{"footnotes":""},"categories":[1],"tags":[],"class_list":["post-12","post","type-post","status-publish","format-standard","hentry","category-sin-categoria"],"_links":{"self":[{"href":"https:\/\/ambiental.utp.edu.co\/especializacion-gestion-ambiental-local\/wp-json\/wp\/v2\/posts\/12","targetHints":{"allow":["GET"]}}],"collection":[{"href":"https:\/\/ambiental.utp.edu.co\/especializacion-gestion-ambiental-local\/wp-json\/wp\/v2\/posts"}],"about":[{"href":"https:\/\/ambiental.utp.edu.co\/especializacion-gestion-ambiental-local\/wp-json\/wp\/v2\/types\/post"}],"author":[{"embeddable":true,"href":"https:\/\/ambiental.utp.edu.co\/especializacion-gestion-ambiental-local\/wp-json\/wp\/v2\/users\/1"}],"replies":[{"embeddable":true,"href":"https:\/\/ambiental.utp.edu.co\/especializacion-gestion-ambiental-local\/wp-json\/wp\/v2\/comments?post=12"}],"version-history":[{"count":2,"href":"https:\/\/ambiental.utp.edu.co\/especializacion-gestion-ambiental-local\/wp-json\/wp\/v2\/posts\/12\/revisions"}],"predecessor-version":[{"id":10146,"href":"https:\/\/ambiental.utp.edu.co\/especializacion-gestion-ambiental-local\/wp-json\/wp\/v2\/posts\/12\/revisions\/10146"}],"wp:attachment":[{"href":"https:\/\/ambiental.utp.edu.co\/especializacion-gestion-ambiental-local\/wp-json\/wp\/v2\/media?parent=12"}],"wp:term":[{"taxonomy":"category","embeddable":true,"href":"https:\/\/ambiental.utp.edu.co\/especializacion-gestion-ambiental-local\/wp-json\/wp\/v2\/categories?post=12"},{"taxonomy":"post_tag","embeddable":true,"href":"https:\/\/ambiental.utp.edu.co\/especializacion-gestion-ambiental-local\/wp-json\/wp\/v2\/tags?post=12"}],"curies":[{"name":"wp","href":"https:\/\/api.w.org\/{rel}","templated":true}]}}