{"id":9,"date":"2018-04-23T15:59:26","date_gmt":"2018-04-23T20:59:26","guid":{"rendered":"https:\/\/ambiental.utp.edu.co\/doctorado-interinstitucional-ciencias-ambientales\/2018\/04\/23\/vision\/"},"modified":"2025-05-27T17:35:47","modified_gmt":"2025-05-27T22:35:47","slug":"vision","status":"publish","type":"post","link":"https:\/\/ambiental.utp.edu.co\/doctorado-interinstitucional-ciencias-ambientales\/sin-categoria\/vision\/","title":{"rendered":"Visi\u00f3n"},"content":{"rendered":"\n<p class=\"has-text-align-center\"><span class=\"post-content__span\"> <img decoding=\"async\" src=\"https:\/\/media2.utp.edu.co\/programas\/34\/vision.png\" alt=\"vision\" style=\"width: 300px\"><\/p>\n\n\n\n<p><span class=\"post-content__span\"> <span>El Programa tiene como visi\u00f3n consolidarse como un doctorado de excelencia basado en un trabajo interdisciplinario e interinstitucional constituido en red de formaci\u00f3n y difusi\u00f3n de conocimiento y tecnolog\u00eda que permita comprender, explicar y proponer soluciones alternativas a las problem\u00e1ticas ambientales relevantes de la regi\u00f3n y el pa\u00eds; influir a nivel regional, nacional e internacional constituy\u00e9ndose en un punto de referencia de programas de formaci\u00f3n semejante en Am\u00e9rica Latina.<\/span><\/p>\n","protected":false},"excerpt":{"rendered":"<p>El Programa tiene como visi\u00f3n consolidarse como un doctorado de excelencia basado en un trabajo interdisciplinario e interinstitucional constituido en [&hellip;]<\/p>\n","protected":false},"author":1,"featured_media":0,"comment_status":"closed","ping_status":"closed","sticky":false,"template":"","format":"standard","meta":{"footnotes":""},"categories":[1],"tags":[],"class_list":["post-9","post","type-post","status-publish","format-standard","hentry","category-sin-categoria"],"_links":{"self":[{"href":"https:\/\/ambiental.utp.edu.co\/doctorado-interinstitucional-ciencias-ambientales\/wp-json\/wp\/v2\/posts\/9","targetHints":{"allow":["GET"]}}],"collection":[{"href":"https:\/\/ambiental.utp.edu.co\/doctorado-interinstitucional-ciencias-ambientales\/wp-json\/wp\/v2\/posts"}],"about":[{"href":"https:\/\/ambiental.utp.edu.co\/doctorado-interinstitucional-ciencias-ambientales\/wp-json\/wp\/v2\/types\/post"}],"author":[{"embeddable":true,"href":"https:\/\/ambiental.utp.edu.co\/doctorado-interinstitucional-ciencias-ambientales\/wp-json\/wp\/v2\/users\/1"}],"replies":[{"embeddable":true,"href":"https:\/\/ambiental.utp.edu.co\/doctorado-interinstitucional-ciencias-ambientales\/wp-json\/wp\/v2\/comments?post=9"}],"version-history":[{"count":3,"href":"https:\/\/ambiental.utp.edu.co\/doctorado-interinstitucional-ciencias-ambientales\/wp-json\/wp\/v2\/posts\/9\/revisions"}],"predecessor-version":[{"id":10336,"href":"https:\/\/ambiental.utp.edu.co\/doctorado-interinstitucional-ciencias-ambientales\/wp-json\/wp\/v2\/posts\/9\/revisions\/10336"}],"wp:attachment":[{"href":"https:\/\/ambiental.utp.edu.co\/doctorado-interinstitucional-ciencias-ambientales\/wp-json\/wp\/v2\/media?parent=9"}],"wp:term":[{"taxonomy":"category","embeddable":true,"href":"https:\/\/ambiental.utp.edu.co\/doctorado-interinstitucional-ciencias-ambientales\/wp-json\/wp\/v2\/categories?post=9"},{"taxonomy":"post_tag","embeddable":true,"href":"https:\/\/ambiental.utp.edu.co\/doctorado-interinstitucional-ciencias-ambientales\/wp-json\/wp\/v2\/tags?post=9"}],"curies":[{"name":"wp","href":"https:\/\/api.w.org\/{rel}","templated":true}]}}