{"id":35,"date":"2018-04-23T17:47:36","date_gmt":"2018-04-23T22:47:36","guid":{"rendered":"https:\/\/ambiental.utp.edu.co\/doctorado-interinstitucional-ciencias-ambientales\/2018\/04\/23\/lineas-de-investigacion\/"},"modified":"2025-11-20T18:14:20","modified_gmt":"2025-11-20T23:14:20","slug":"lineas-de-investigacion","status":"publish","type":"post","link":"https:\/\/ambiental.utp.edu.co\/doctorado-interinstitucional-ciencias-ambientales\/sin-categoria\/lineas-de-investigacion\/","title":{"rendered":"L\u00edneas de Investigaci\u00f3n"},"content":{"rendered":"\n<p><span class=\"post-content__span\"> Se definieron tres \u00e1reas de \u00e9nfasis, las cuales est\u00e1n sustentadas por l\u00edneas de investigaci\u00f3n, de las cuales se derivan las tesis de investigaci\u00f3n.&nbsp;<br><\/p>\n\n\n\n<div class=\"wp-block-media-text is-stacked-on-mobile\"><figure class=\"wp-block-media-text__media\"><img loading=\"lazy\" decoding=\"async\" width=\"2304\" height=\"1728\" src=\"https:\/\/media2.utp.edu.co\/programas\/34\/DSC00128.jpg\" alt=\"\" class=\"wp-image-10316 size-full\" \/><\/figure><div class=\"wp-block-media-text__content\">\n<p class=\"has-text-align-center\"><span class=\"post-content__span\"> <strong><mark style=\"background-color:#96b394\" class=\"has-inline-color has-white-color\">SOCIEDAD Y AMBIENTE<\/mark><\/strong><\/p>\n\n\n\n<p><span class=\"post-content__span\"> Esta \u00e1rea de \u00e9nfasis recopila el trabajo de investigaci\u00f3n resultante de la actividad de los seres humanos como cultura y los procesos de transformaci\u00f3n generados por la sociedad, observando las relaciones que establece esta con los sistemas transformados de los \u00e1mbitos naturales.<\/p>\n<\/div><\/div>\n\n\n\n<div class=\"wp-block-media-text is-stacked-on-mobile\"><figure class=\"wp-block-media-text__media\"><img loading=\"lazy\" decoding=\"async\" width=\"960\" height=\"1280\" src=\"https:\/\/media2.utp.edu.co\/programas\/34\/Visita-12.06.19-6.jpg\" alt=\"\" class=\"wp-image-10315 size-full\" \/><\/figure><div class=\"wp-block-media-text__content\">\n<p class=\"has-text-align-center\"><span class=\"post-content__span\"> <mark style=\"background-color:#88b380\" class=\"has-inline-color has-white-color\"><strong>SISTEMAS PRODUCTIVOS, TECNOL\u00d3GICOS Y AMBIENTE\u00a0<\/strong><\/mark><\/p>\n\n\n\n<p><span class=\"post-content__span\"> En esta \u00e1rea de \u00e9nfasis se reflexiona en torno a los impactos derivados de las interacciones entre el ambiente, los sistemas construidos y los sistemas tecnol\u00f3gicos que sirven no solo de soporte a la actividad econ\u00f3mica de la sociedad sino tambi\u00e9n a la mitigaci\u00f3n o prevenci\u00f3n de impactos ambientales.<\/p>\n<\/div><\/div>\n\n\n\n<div class=\"wp-block-media-text is-stacked-on-mobile\"><figure class=\"wp-block-media-text__media\"><img loading=\"lazy\" decoding=\"async\" width=\"4608\" height=\"3456\" src=\"https:\/\/media2.utp.edu.co\/programas\/34\/IMG20250309161457.jpg\" alt=\"\" class=\"wp-image-10317 size-full\" \/><\/figure><div class=\"wp-block-media-text__content\">\n<p class=\"has-text-align-center\"><span class=\"post-content__span\"> <strong><mark style=\"background-color:#80bb75\" class=\"has-inline-color has-white-color\">TERRITORIO Y AMBIENTE<\/mark><\/strong><\/p>\n\n\n\n<p><span class=\"post-content__span\"> Esta \u00e1rea de \u00e9nfasis estudia las concepciones, interpretaciones e interacciones de la sociedad con su territorio en espacios ecol\u00f3gicos, econ\u00f3micos, sociales, culturales y geogr\u00e1ficos.<\/p>\n<\/div><\/div>\n\n\n\n<p><span class=\"post-content__span\"> <\/p>\n","protected":false},"excerpt":{"rendered":"<p>Se definieron tres \u00e1reas de \u00e9nfasis, las cuales est\u00e1n sustentadas por l\u00edneas de investigaci\u00f3n, de las cuales se derivan las [&hellip;]<\/p>\n","protected":false},"author":1,"featured_media":10202,"comment_status":"closed","ping_status":"closed","sticky":false,"template":"","format":"standard","meta":{"footnotes":""},"categories":[1],"tags":[],"class_list":["post-35","post","type-post","status-publish","format-standard","has-post-thumbnail","hentry","category-sin-categoria"],"_links":{"self":[{"href":"https:\/\/ambiental.utp.edu.co\/doctorado-interinstitucional-ciencias-ambientales\/wp-json\/wp\/v2\/posts\/35","targetHints":{"allow":["GET"]}}],"collection":[{"href":"https:\/\/ambiental.utp.edu.co\/doctorado-interinstitucional-ciencias-ambientales\/wp-json\/wp\/v2\/posts"}],"about":[{"href":"https:\/\/ambiental.utp.edu.co\/doctorado-interinstitucional-ciencias-ambientales\/wp-json\/wp\/v2\/types\/post"}],"author":[{"embeddable":true,"href":"https:\/\/ambiental.utp.edu.co\/doctorado-interinstitucional-ciencias-ambientales\/wp-json\/wp\/v2\/users\/1"}],"replies":[{"embeddable":true,"href":"https:\/\/ambiental.utp.edu.co\/doctorado-interinstitucional-ciencias-ambientales\/wp-json\/wp\/v2\/comments?post=35"}],"version-history":[{"count":6,"href":"https:\/\/ambiental.utp.edu.co\/doctorado-interinstitucional-ciencias-ambientales\/wp-json\/wp\/v2\/posts\/35\/revisions"}],"predecessor-version":[{"id":10318,"href":"https:\/\/ambiental.utp.edu.co\/doctorado-interinstitucional-ciencias-ambientales\/wp-json\/wp\/v2\/posts\/35\/revisions\/10318"}],"wp:featuredmedia":[{"embeddable":true,"href":"https:\/\/ambiental.utp.edu.co\/doctorado-interinstitucional-ciencias-ambientales\/wp-json\/wp\/v2\/media\/10202"}],"wp:attachment":[{"href":"https:\/\/ambiental.utp.edu.co\/doctorado-interinstitucional-ciencias-ambientales\/wp-json\/wp\/v2\/media?parent=35"}],"wp:term":[{"taxonomy":"category","embeddable":true,"href":"https:\/\/ambiental.utp.edu.co\/doctorado-interinstitucional-ciencias-ambientales\/wp-json\/wp\/v2\/categories?post=35"},{"taxonomy":"post_tag","embeddable":true,"href":"https:\/\/ambiental.utp.edu.co\/doctorado-interinstitucional-ciencias-ambientales\/wp-json\/wp\/v2\/tags?post=35"}],"curies":[{"name":"wp","href":"https:\/\/api.w.org\/{rel}","templated":true}]}}