{"id":34,"date":"2018-04-23T17:45:45","date_gmt":"2018-04-23T22:45:45","guid":{"rendered":"https:\/\/ambiental.utp.edu.co\/doctorado-interinstitucional-ciencias-ambientales\/2018\/04\/23\/documentos-de-interes\/"},"modified":"2026-01-16T10:44:55","modified_gmt":"2026-01-16T15:44:55","slug":"documentos-de-interes","status":"publish","type":"post","link":"https:\/\/ambiental.utp.edu.co\/doctorado-interinstitucional-ciencias-ambientales\/sin-categoria\/documentos-de-interes\/","title":{"rendered":"Informaci\u00f3n relevante de la Convocatoria Minciencias No 35 &#8211; Becas Cr\u00e9dito"},"content":{"rendered":"\n<div class=\"wp-block-columns is-layout-flex wp-container-core-columns-is-layout-9d6595d7 wp-block-columns-is-layout-flex\">\n<div class=\"wp-block-column is-layout-flow wp-block-column-is-layout-flow\">\n<h3 class=\"wp-block-heading\"><strong>\u201cForjando L\u00edderes para la Sostenibilidad: Formaci\u00f3n de alto nivel en Biodiversidad, Salud y Energ\u00eda en el Eje Cafetero Colombiano\u201d<\/strong><\/h3>\n\n\n\n<p><span class=\"post-content__span\"> <strong>Proyecto \u201cFormaci\u00f3n de capital humano a nivel de doctorado para responder a los retos en CTeI en materia de biodiversidad, salud y energ\u00edas sostenibles en los departamentos de Caldas, Quind\u00edo y Risaralda\u201d<\/strong><\/p>\n\n\n\n<p><span class=\"post-content__span\"> <strong>Nota<\/strong>: Esta convocatoria estar\u00e1 abierta a partir del <strong>24 de febrero de 2026<\/strong>.<\/p>\n\n\n\n<p><span class=\"post-content__span\"> Este documento tiene como prop\u00f3sito informar sobre los beneficios, condiciones y cronograma de la convocatoria, con el fin de facilitar su socializaci\u00f3n y acompa\u00f1amiento a los posibles aspirantes.<\/p>\n\n\n\n<p><span class=\"post-content__span\"> <strong>Los rubros a financiar son:<\/strong><\/p>\n\n\n\n<p><span class=\"post-content__span\"> Los beneficiarios de la convocatoria recibir\u00e1n un <strong>cr\u00e9dito educativo condonable <\/strong>que cubre los principales costos asociados a su proceso de formaci\u00f3n doctoral, con el prop\u00f3sito de fortalecer las capacidades cient\u00edficas, tecnol\u00f3gicas e investigativas en el Eje Cafetero. Los apoyos econ\u00f3micos se distribuyen de la siguiente manera:<\/p>\n\n\n\n<ul class=\"wp-block-list\">\n<li>Financiaci\u00f3n de matr\u00edcula: <strong>hasta $96.000.000 <\/strong>(NOVENTA Y SEIS MILLONES DE PESOS M\/CTE), destinados al <strong>pago de la matr\u00edcula <\/strong>por hasta ocho (8) semestres acad\u00e9micos o hasta agotar el recurso correspondiente a este rubro.<\/li>\n<\/ul>\n\n\n\n<ul class=\"wp-block-list\">\n<li>Apoyo para sostenimiento: <strong>$4.500.000 <\/strong>(CUATRO MILLONES QUINIENTOS MIL PESOS M\/CTE) hasta por 4 a\u00f1os.<\/li>\n<\/ul>\n\n\n\n<ul class=\"wp-block-list\">\n<li>Apoyo para el desarrollo de la Propuesta de investigaci\u00f3n: <strong>hasta $45.000.000 <\/strong>(CUARENTA Y CINCO MILLONES DE PESOS M\/CTE). Este rubro ser\u00e1 utilizado exclusivamente para apoyar el desarrollo del trabajo doctoral, as\u00ed como tambi\u00e9n podr\u00e1 ser usado para movilidad internacional (estancia de investigaci\u00f3n).<\/li>\n<\/ul>\n\n\n\n<p><span class=\"post-content__span\"> <strong>El cr\u00e9dito educativo ser\u00e1 condonable total o parcialmente, seg\u00fan las siguientes condiciones:<\/strong><\/p>\n\n\n\n<ul class=\"wp-block-list\">\n<li><strong>Condonaci\u00f3n del 100%<\/strong>: se otorgar\u00e1 a los beneficiarios que culminen satisfactoriamente su programa doctoral, obtengan el t\u00edtulo correspondiente y presenten los soportes requeridos. Tambi\u00e9n aplica en casos de incapacidad total y permanente o fallecimiento del beneficiario.<\/li>\n\n\n\n<li><strong>Condonaci\u00f3n hasta del 80%<\/strong>: aplicar\u00e1 para aquellos beneficiarios que, sin haber obtenido el t\u00edtulo en el tiempo establecido, presenten productos de I+D+i derivados de la ejecuci\u00f3n del cr\u00e9dito educativo. En este caso, por cada producto presentado y avalado por los t\u00e9rminos de referencia de la convocatoria, se otorgar\u00e1 un 20% de condonaci\u00f3n, esto significa que con 4 productos de I+D+i se podr\u00e1 lograr el 80% de condonaci\u00f3n que es posible bajo esta alternativa.<\/li>\n<\/ul>\n\n\n\n<p><span class=\"post-content__span\"> <strong>Condiciones adicionales:<\/strong><\/p>\n\n\n\n<ul class=\"wp-block-list\">\n<li>En caso de que el beneficiario exceda el tiempo establecido para la realizaci\u00f3n del programa doctoral, deber\u00e1 asumir directamente los costos adicionales de matr\u00edcula y no recibir\u00e1 apoyo de sostenimiento en dicho periodo.<\/li>\n\n\n\n<li>La financiaci\u00f3n se otorga exclusivamente para los rubros mencionados, es de car\u00e1cter personal y no cubre costos adicionales.<\/li>\n\n\n\n<li>Los pagos correspondientes a matr\u00edcula ser\u00e1n realizados directamente por el ejecutor o el operador del proyecto a la universidad o entidad prestadora del servicio.<\/li>\n\n\n\n<li>El aspirante no podr\u00e1 ser beneficiario simult\u00e1neo de otro programa de cr\u00e9dito condonable de car\u00e1cter departamental, nacional o internacional.<\/li>\n\n\n\n<li>El apoyo financiero podr\u00e1 utilizarse durante un per\u00edodo m\u00e1ximo de cuatro (4) a\u00f1os, contados a partir de la formalizaci\u00f3n y legalizaci\u00f3n del cr\u00e9dito educativo condonable, conforme al reglamento operativo de condonaci\u00f3n establecido por los miembros de la alianza<\/li>\n<\/ul>\n\n\n\n<h3 class=\"wp-block-heading\"><strong>Cronograma de la convocatoria<\/strong><\/h3>\n\n\n\n<figure class=\"wp-block-table is-style-stripes\"><table class=\"has-fixed-layout\"><tbody><tr><td>Apertura convocatoria<\/td><td><strong>24 de febrero de 2026<\/strong><\/td><\/tr><tr><td>Recepci\u00f3n de documentos<\/td><td><strong>Del 24 de febrero al 13 de marzo de 2026<\/strong><\/td><\/tr><tr><td>Cierre de la convocatoria<\/td><td><strong>13 de marzo de 2026<\/strong><\/td><\/tr><tr><td>Evaluaci\u00f3n de candidatos (interna y pares externos)<\/td><td><strong>Del 16 marzo al 1 de mayo de 2026<\/strong><\/td><\/tr><tr><td>Publicaci\u00f3n del listado preliminar de elegibles<\/td><td><strong>7 de mayo de 2026<\/strong><\/td><\/tr><tr><td>Per\u00edodo de solicitud de aclaraciones al listado preliminar de elegibles<\/td><td><strong>Del 8 mayo al 12 de mayo de 2026<\/strong><\/td><\/tr><tr><td>Respuesta a solicitud de aclaraciones<\/td><td><strong>Del 13 mayo al 23 mayo 2026<\/strong><\/td><\/tr><tr><td>Publicaci\u00f3n del listado definitivo de elegibles<\/td><td><strong>29 de mayo de 2026<\/strong><\/td><\/tr><\/tbody><\/table><\/figure>\n\n\n\n<p><span class=\"post-content__span\"> <\/p>\n\n\n\n<h3 class=\"wp-block-heading\"><strong>Informaci\u00f3n detallada para participar en la convocatoria<\/strong><\/h3>\n\n\n\n<p class=\"has-text-align-left\"><span class=\"post-content__span\"> <strong>Los aspirantes interesados en la convocatoria deben diligenciar el formulario<\/strong>: <a href=\"https:\/\/docs.google.com\/forms\/d\/e\/1FAIpQLSeW2PJBh2LshR4bCdUnPtz-eF1AmQin99yAGzPRKYZvA80iVA\/viewform\">https:\/\/docs.google.com\/forms\/d\/e\/1FAIpQLSeW2PJBh2LshR4bCdUnPtz-eF1AmQin99yAGzPRKYZvA80iVA\/viewform<\/a><\/p>\n\n\n\n<p><span class=\"post-content__span\"> Adem\u00e1s, cargar la siguiente documentaci\u00f3n (c\u00e9dula, CvLAC, tarjeta profesional, carta de motivaci\u00f3n, certificados de enfoque diferencial si aplica y propuesta de investigaci\u00f3n).<\/p>\n\n\n\n<p><span class=\"post-content__span\"> De esta manera, la alianza \u201cForjando L\u00edderes para la Sostenibilidad: Formaci\u00f3n de alto nivel en Biodiversidad, Salud y Energ\u00eda en el Eje Cafetero Colombiano\u201d busca garantizar condiciones favorables para la formaci\u00f3n doctoral de alto nivel, promoviendo la investigaci\u00f3n, la innovaci\u00f3n y el desarrollo regional sostenible.<\/p>\n\n\n\n<figure class=\"wp-block-table\"><table class=\"has-fixed-layout\"><tbody><tr><td class=\"has-text-align-center\" data-align=\"center\"><strong><strong>Informaci\u00f3n detallada Convocatoria: <\/strong><\/strong><\/td><td><a href=\"https:\/\/media2.utp.edu.co\/programas\/34\/1.-Py.Doctorados-Pasos-a-seguir-ProgramasVfinal-3.docx\">https:\/\/media2.utp.edu.co\/programas\/34\/1.-Py.Doctorados-Pasos-a-seguir-ProgramasVfinal-3.docx<\/a><\/td><\/tr><\/tbody><\/table><\/figure>\n\n\n\n<h3 class=\"wp-block-heading\">Retos Convocatoria <\/h3>\n\n\n\n<p><span class=\"post-content__span\"> La propuesta de investigaci\u00f3n deber\u00e1 responder a por lo menos uno de los siguientes retos, enmarcada dentro de un alcance tem\u00e1tico y dando respuesta a una demanda territorial.<\/p>\n\n\n\n<figure class=\"wp-block-gallery has-nested-images columns-default is-cropped wp-block-gallery-1 is-layout-flex wp-block-gallery-is-layout-flex\">\n<figure class=\"wp-block-image size-large\"><img loading=\"lazy\" decoding=\"async\" width=\"1663\" height=\"1071\" data-id=\"10380\" src=\"https:\/\/media2.utp.edu.co\/programas\/34\/Reto-1-Convocatoria-Minciencias-35.png\" alt=\"\" class=\"wp-image-10380\" \/><\/figure>\n<\/figure>\n\n\n\n<figure class=\"wp-block-image size-full\"><img loading=\"lazy\" decoding=\"async\" width=\"1593\" height=\"1063\" src=\"https:\/\/media2.utp.edu.co\/programas\/34\/Reto-3-Convocatoria-Minciencias-35.png\" alt=\"\" class=\"wp-image-10381\" \/><\/figure>\n<\/div>\n<\/div>\n\n\n\n<div class=\"wp-block-columns is-layout-flex wp-container-core-columns-is-layout-9d6595d7 wp-block-columns-is-layout-flex\">\n<div class=\"wp-block-column is-layout-flow wp-block-column-is-layout-flow\">\n<h5 class=\"wp-block-heading has-text-align-center\">Formato Propuesta Doctoral: <a href=\"https:\/\/media2.utp.edu.co\/programas\/34\/3.-Formato-de-propuesta-doctoral-2.docx\">https:\/\/media2.utp.edu.co\/programas\/34\/3.-Formato-de-propuesta-doctoral-2.docx<\/a><\/h5>\n<\/div>\n<\/div>\n\n\n\n<p><span class=\"post-content__span\"> <\/p>\n","protected":false},"excerpt":{"rendered":"<p>\u201cForjando L\u00edderes para la Sostenibilidad: Formaci\u00f3n de alto nivel en Biodiversidad, Salud y Energ\u00eda en el Eje Cafetero Colombiano\u201d Proyecto [&hellip;]<\/p>\n","protected":false},"author":1,"featured_media":10002,"comment_status":"closed","ping_status":"closed","sticky":false,"template":"","format":"standard","meta":{"footnotes":""},"categories":[1],"tags":[],"class_list":["post-34","post","type-post","status-publish","format-standard","has-post-thumbnail","hentry","category-sin-categoria"],"_links":{"self":[{"href":"https:\/\/ambiental.utp.edu.co\/doctorado-interinstitucional-ciencias-ambientales\/wp-json\/wp\/v2\/posts\/34","targetHints":{"allow":["GET"]}}],"collection":[{"href":"https:\/\/ambiental.utp.edu.co\/doctorado-interinstitucional-ciencias-ambientales\/wp-json\/wp\/v2\/posts"}],"about":[{"href":"https:\/\/ambiental.utp.edu.co\/doctorado-interinstitucional-ciencias-ambientales\/wp-json\/wp\/v2\/types\/post"}],"author":[{"embeddable":true,"href":"https:\/\/ambiental.utp.edu.co\/doctorado-interinstitucional-ciencias-ambientales\/wp-json\/wp\/v2\/users\/1"}],"replies":[{"embeddable":true,"href":"https:\/\/ambiental.utp.edu.co\/doctorado-interinstitucional-ciencias-ambientales\/wp-json\/wp\/v2\/comments?post=34"}],"version-history":[{"count":32,"href":"https:\/\/ambiental.utp.edu.co\/doctorado-interinstitucional-ciencias-ambientales\/wp-json\/wp\/v2\/posts\/34\/revisions"}],"predecessor-version":[{"id":10492,"href":"https:\/\/ambiental.utp.edu.co\/doctorado-interinstitucional-ciencias-ambientales\/wp-json\/wp\/v2\/posts\/34\/revisions\/10492"}],"wp:featuredmedia":[{"embeddable":true,"href":"https:\/\/ambiental.utp.edu.co\/doctorado-interinstitucional-ciencias-ambientales\/wp-json\/wp\/v2\/media\/10002"}],"wp:attachment":[{"href":"https:\/\/ambiental.utp.edu.co\/doctorado-interinstitucional-ciencias-ambientales\/wp-json\/wp\/v2\/media?parent=34"}],"wp:term":[{"taxonomy":"category","embeddable":true,"href":"https:\/\/ambiental.utp.edu.co\/doctorado-interinstitucional-ciencias-ambientales\/wp-json\/wp\/v2\/categories?post=34"},{"taxonomy":"post_tag","embeddable":true,"href":"https:\/\/ambiental.utp.edu.co\/doctorado-interinstitucional-ciencias-ambientales\/wp-json\/wp\/v2\/tags?post=34"}],"curies":[{"name":"wp","href":"https:\/\/api.w.org\/{rel}","templated":true}]}}