{"id":25,"date":"2018-04-23T17:54:58","date_gmt":"2018-04-23T22:54:58","guid":{"rendered":"https:\/\/ambiental.utp.edu.co\/doctorado-interinstitucional-ciencias-ambientales\/2018\/04\/23\/catedra\/"},"modified":"2026-01-20T14:57:59","modified_gmt":"2026-01-20T19:57:59","slug":"catedra","status":"publish","type":"post","link":"https:\/\/ambiental.utp.edu.co\/doctorado-interinstitucional-ciencias-ambientales\/sin-categoria\/catedra\/","title":{"rendered":"C\u00e1tedra"},"content":{"rendered":"\n<h3 class=\"wp-block-heading\"><p><span class=\"post-content__span\"> <strong>DOCENTES CATEDR\u00c1TICOS<\/strong><\/p><\/h3>\n\n\n\n<figure class=\"wp-block-table is-style-stripes\"><table class=\"has-black-color has-text-color has-background\" style=\"background-color:#cfe5f2\"><thead><tr><th class=\"has-text-align-center\" data-align=\"center\"><strong>Nombres<\/strong><\/th><th class=\"has-text-align-left\" data-align=\"left\"><strong>Formaci\u00f3n<\/strong><\/th><th class=\"has-text-align-center\" data-align=\"center\"><strong>Grupo de Investigaci\u00f3n<\/strong><\/th><th class=\"has-text-align-center\" data-align=\"center\"><strong>Correo Electr\u00f3nico<\/strong><\/th><th class=\"has-text-align-center\" data-align=\"center\"><strong>Hoja de Vida<\/strong><\/th><\/tr><\/thead><tbody><tr><td class=\"has-text-align-center\" data-align=\"center\"><strong>Alejandra Gonz\u00e1lez Acevedo<\/strong><\/td><td class=\"has-text-align-left\" data-align=\"left\">Administradora Ambiental<br>Esp. Alta Gerencia<br>MSc. Gerencia Ambiental<br>PhD. en Ciencias Ambientales<\/td><td class=\"has-text-align-center\" data-align=\"center\">Gesti\u00f3n Ambiental Territorial &#8211; GAT<\/td><td class=\"has-text-align-center\" data-align=\"center\"><a href=\"mailto:bioaleja@utp.edu.co\">bioaleja@utp.edu.co<\/a><\/td><td class=\"has-text-align-center\" data-align=\"center\"><a href=\"https:\/\/scienti.minciencias.gov.co\/cvlac\/visualizador\/generarCurriculoCv.do?cod_rh=0000311740\">CvLAC<\/a><\/td><\/tr><tr><td class=\"has-text-align-center\" data-align=\"center\"><strong>John Jairo Ocampo<\/strong> <strong>Cardona<\/strong><\/td><td class=\"has-text-align-left\" data-align=\"left\">Administrador Ambiental <br>MSc. en Desarrollo Sustentable<br>PhD. en Ciencias Ambientales<\/td><td class=\"has-text-align-center\" data-align=\"center\">Gesti\u00f3n Ambiental Territorial &#8211; GAT<\/td><td class=\"has-text-align-center\" data-align=\"center\">kachis@utp.edu.co<\/td><td class=\"has-text-align-center\" data-align=\"center\"><a href=\"https:\/\/scienti.minciencias.gov.co\/cvlac\/visualizador\/generarCurriculoCv.do?cod_rh=0000234494\" data-type=\"link\" data-id=\"https:\/\/scienti.minciencias.gov.co\/cvlac\/visualizador\/generarCurriculoCv.do?cod_rh=0000234494\">CvLAC<\/a><\/td><\/tr><tr><td class=\"has-text-align-center\" data-align=\"center\"><strong>Juan David C\u00e9spedes Restrepo<\/strong><\/td><td class=\"has-text-align-left\" data-align=\"left\">Administrador Ambiental<br>Esp. Alta Gerencia<br>MSc. en H\u00e1bitat<br>PhD. en Ciencias Ambientales<\/td><td class=\"has-text-align-center\" data-align=\"center\">Gesti\u00f3n Ambiental Territorial &#8211; GAT<\/td><td class=\"has-text-align-center\" data-align=\"center\">jdcespedes@utp.edu.co<\/td><td class=\"has-text-align-center\" data-align=\"center\"><a href=\"https:\/\/scienti.minciencias.gov.co\/cvlac\/visualizador\/generarCurriculoCv.do?cod_rh=0001261070\" target=\"_blank\" rel=\"noreferrer noopener\">CvLAC<\/a><\/td><\/tr><tr><td class=\"has-text-align-center\" data-align=\"center\"><strong>Mar\u00eda Constanza Z\u00fa\u00f1iga Torres<\/strong><\/td><td class=\"has-text-align-left\" data-align=\"left\">Zootecnista<br>MSc. en Comunicaci\u00f3n Educativa<br>PhD. en Ciencias Ambientales<\/td><td class=\"has-text-align-center\" data-align=\"center\">Gesti\u00f3n en Agroecosistemas Tropicales Andinos \u2013 GATA<\/td><td class=\"has-text-align-center\" data-align=\"center\">connie@utp.edu.co<\/td><td class=\"has-text-align-center\" data-align=\"center\"><a href=\"https:\/\/scienti.minciencias.gov.co\/cvlac\/visualizador\/generarCurriculoCv.do?cod_rh=0000216992\" target=\"_blank\" rel=\"noreferrer noopener\">CvLAC<\/a><\/td><\/tr><tr><td class=\"has-text-align-center\" data-align=\"center\"><strong>Mar\u00eda del Pilar Pulgar\u00edn<\/strong><\/td><td class=\"has-text-align-left\" data-align=\"left\">Ingeniera Ambiental<br>MSc. en Ecotecnolog\u00eda<br>PhD. en Ciencias Ambientales<\/td><td class=\"has-text-align-center\" data-align=\"center\">Agua y Saneamiento<br>GIAS<\/td><td class=\"has-text-align-center\" data-align=\"center\">pilarpulgarin@utp.edu.co<\/td><td class=\"has-text-align-center\" data-align=\"center\"><a href=\"https:\/\/scienti.minciencias.gov.co\/cvlac\/visualizador\/generarCurriculoCv.do?cod_rh=0001429879\">CvLAC<\/a><\/td><\/tr><tr><td class=\"has-text-align-center\" data-align=\"center\"><strong>Santiago Bustamante Sanint<\/strong><\/td><td class=\"has-text-align-left\" data-align=\"left\">Ec\u00f3logo<br>MSc. Hidrosistemas<br>PhD. Estudios Ambientales Y Rurales<\/td><td class=\"has-text-align-center\" data-align=\"center\"><\/td><td class=\"has-text-align-center\" data-align=\"center\">santiago.bustamante@utp.edu.co<\/td><td class=\"has-text-align-center\" data-align=\"center\"><a href=\"https:\/\/scienti.minciencias.gov.co\/cvlac\/visualizador\/generarCurriculoCv.do?cod_rh=0001241842\">CvLAC<\/a><\/td><\/tr><\/tbody><\/table><\/figure>\n","protected":false},"excerpt":{"rendered":"<p>DOCENTES CATEDR\u00c1TICOS Nombres Formaci\u00f3n Grupo de Investigaci\u00f3n Correo Electr\u00f3nico Hoja de Vida Alejandra Gonz\u00e1lez Acevedo Administradora AmbientalEsp. Alta GerenciaMSc. Gerencia [&hellip;]<\/p>\n","protected":false},"author":1,"featured_media":0,"comment_status":"closed","ping_status":"closed","sticky":false,"template":"","format":"standard","meta":{"footnotes":""},"categories":[1],"tags":[],"class_list":["post-25","post","type-post","status-publish","format-standard","hentry","category-sin-categoria"],"_links":{"self":[{"href":"https:\/\/ambiental.utp.edu.co\/doctorado-interinstitucional-ciencias-ambientales\/wp-json\/wp\/v2\/posts\/25","targetHints":{"allow":["GET"]}}],"collection":[{"href":"https:\/\/ambiental.utp.edu.co\/doctorado-interinstitucional-ciencias-ambientales\/wp-json\/wp\/v2\/posts"}],"about":[{"href":"https:\/\/ambiental.utp.edu.co\/doctorado-interinstitucional-ciencias-ambientales\/wp-json\/wp\/v2\/types\/post"}],"author":[{"embeddable":true,"href":"https:\/\/ambiental.utp.edu.co\/doctorado-interinstitucional-ciencias-ambientales\/wp-json\/wp\/v2\/users\/1"}],"replies":[{"embeddable":true,"href":"https:\/\/ambiental.utp.edu.co\/doctorado-interinstitucional-ciencias-ambientales\/wp-json\/wp\/v2\/comments?post=25"}],"version-history":[{"count":15,"href":"https:\/\/ambiental.utp.edu.co\/doctorado-interinstitucional-ciencias-ambientales\/wp-json\/wp\/v2\/posts\/25\/revisions"}],"predecessor-version":[{"id":10502,"href":"https:\/\/ambiental.utp.edu.co\/doctorado-interinstitucional-ciencias-ambientales\/wp-json\/wp\/v2\/posts\/25\/revisions\/10502"}],"wp:attachment":[{"href":"https:\/\/ambiental.utp.edu.co\/doctorado-interinstitucional-ciencias-ambientales\/wp-json\/wp\/v2\/media?parent=25"}],"wp:term":[{"taxonomy":"category","embeddable":true,"href":"https:\/\/ambiental.utp.edu.co\/doctorado-interinstitucional-ciencias-ambientales\/wp-json\/wp\/v2\/categories?post=25"},{"taxonomy":"post_tag","embeddable":true,"href":"https:\/\/ambiental.utp.edu.co\/doctorado-interinstitucional-ciencias-ambientales\/wp-json\/wp\/v2\/tags?post=25"}],"curies":[{"name":"wp","href":"https:\/\/api.w.org\/{rel}","templated":true}]}}