{"id":22,"date":"2018-04-23T17:48:52","date_gmt":"2018-04-23T22:48:52","guid":{"rendered":"https:\/\/ambiental.utp.edu.co\/doctorado-interinstitucional-ciencias-ambientales\/2018\/04\/23\/proyectos-en-curso\/"},"modified":"2018-04-23T17:48:52","modified_gmt":"2018-04-23T22:48:52","slug":"proyectos-en-curso","status":"publish","type":"post","link":"https:\/\/ambiental.utp.edu.co\/doctorado-interinstitucional-ciencias-ambientales\/sin-categoria\/proyectos-en-curso\/","title":{"rendered":"Proyectos en Curso"},"content":{"rendered":"\n<ul class=\"wp-block-list\"><li><span>Perspectivas para las juventudes rurales en sistemas de actividades de fincas, Eje Cafetero Colombiano.<\/span><\/li><li><span>Sostenibilidad de la Guadua Angustifolia Kunth en Risaralda \u2013 Definici\u00f3n de un modelo eco-econ\u00f3mico de desarrollo agroindustrial sostenible.<\/span><\/li><li><span>Propuesta de arreglos estructurales que promuevan la iniciativa de basura cero en ciudades intermedias de Colombia, estudio de caso Pereira (Risaralda).<\/span><\/li><li><span>Risaralda: Perspectivas socio ecol\u00f3gica y regionalizaci\u00f3n en clave de inteligencia territorial. Caso de estudio: Subregi\u00f3n II.<\/span><\/li><li><span>Multimodelaci\u00f3n para la gesti\u00f3n de la relaci\u00f3n agua y sociedad en el territorio &#8211; Estudio de caso municipio de Pereira.<\/span><\/li><li><span>Desarrollo de una herramienta metodol\u00f3gica para la definici\u00f3n de la Unidad de An\u00e1lisis para la GIRH en escalas locales y regionales.<\/span><\/li><li><span>Producci\u00f3n Limpia en Ganader\u00eda de Leche.<\/span><\/li><li><span>Evaluaci\u00f3n del Ciclo de Vida de la Producci\u00f3n de Biocombustible A Partir de la Ca\u00f1a de Az\u00facar: Estudio de Caso, Bio-Etanol del Valle Geogr\u00e1fico del R\u00edo Cauca.<\/span><\/li><li><span>Armonizaci\u00f3n del aprovechamiento agr\u00edcola y la conservaci\u00f3n del recurso h\u00eddrico para abastecimiento humano en la cuenca del R\u00edo Ot\u00fan.<\/span><\/li><li><span>Evaluaci\u00f3n de los efectos ocasionados por las variaciones clim\u00e1ticas, consecuencia del cambio climatico, en p\u00e1ramos de Colombia.<\/span><\/li><li><span>An\u00e1lisis de la resiliencia socioecol\u00f3gica y su influencia en la sostenibilidad ambiental de Bogot\u00e1 \u2013 Regi\u00f3n en el Borde Norte durante los \u00faltimos 50 a\u00f1os.<\/span><\/li><li><span>Diversidad Funcional y Regulaci\u00f3n H\u00eddrica en Humedales Andinos desde una Perspectiva Socio-ecol\u00f3gica.<\/span><\/li><li><span>Ruta&nbsp;para&nbsp;abordar&nbsp;conflictos&nbsp;ambientales&nbsp;en&nbsp; \u00e1reas&nbsp;de&nbsp;conservaci\u00f3n&nbsp;de&nbsp;uso&nbsp;m\u00faltiple&nbsp;en&nbsp;la&nbsp;regi\u00f3n&nbsp;andina Colombiana.<\/span><\/li><li><span>Modelo de gesti\u00f3n sostenible de peque\u00f1os sistemas de saneamiento de aguas residuales domesticas en \u00c1reas Rurales, Caso Cuenca Media Alta del R\u00edo Ot\u00fan, Colombia.<\/span><\/li><li><span>Sostenibilidad de Peque\u00f1os Sistemas de Abastecimiento de Agua en la Prestaci\u00f3n del Servicio de Acueducto<\/span><\/li><li><span>Producci\u00f3n sustentable de carb\u00f3n activado utilizando como precursor Guadua amplexiofolia J. Presl.<\/span><\/li><li><span>Sustentabilidad en Ciudades Intermedias: Una aproximaci\u00f3n desde el Metabolismo Urbano.<\/span><\/li><li><span>Sostenibilidad Ambiental de la Universidad P\u00fablica Colombiana.<\/span><\/li><li><span>Cambios en coberturas, usos del terreno y relaci\u00f3n con servicios ecosist\u00e9micos, Pereira, Colombia.<\/span><\/li><li><span>Resiliencia y Sustentabilidad de la Arquitectura Vern\u00e1cula: El Caso de La Arquitectura Regional de Bahareque de Guadua en el Paisaje Cultural Cafetero de Colombia.<\/span><\/li><li><span>Servicios ecosist\u00e9micos de los suelos la calidad del caf\u00e9 en el Distrito de Manejo Integrado \u201cCuchilla de San Juan\u201d Bel\u00e9n de Umbr\u00eda, Risaralda.<\/span><\/li><\/ul>\n","protected":false},"excerpt":{"rendered":"<p>Perspectivas para las juventudes rurales en sistemas de actividades de fincas, Eje Cafetero Colombiano. Sostenibilidad de la Guadua Angustifolia Kunth [&hellip;]<\/p>\n","protected":false},"author":1,"featured_media":0,"comment_status":"closed","ping_status":"closed","sticky":false,"template":"","format":"standard","meta":{"footnotes":""},"categories":[1],"tags":[],"class_list":["post-22","post","type-post","status-publish","format-standard","hentry","category-sin-categoria"],"_links":{"self":[{"href":"https:\/\/ambiental.utp.edu.co\/doctorado-interinstitucional-ciencias-ambientales\/wp-json\/wp\/v2\/posts\/22","targetHints":{"allow":["GET"]}}],"collection":[{"href":"https:\/\/ambiental.utp.edu.co\/doctorado-interinstitucional-ciencias-ambientales\/wp-json\/wp\/v2\/posts"}],"about":[{"href":"https:\/\/ambiental.utp.edu.co\/doctorado-interinstitucional-ciencias-ambientales\/wp-json\/wp\/v2\/types\/post"}],"author":[{"embeddable":true,"href":"https:\/\/ambiental.utp.edu.co\/doctorado-interinstitucional-ciencias-ambientales\/wp-json\/wp\/v2\/users\/1"}],"replies":[{"embeddable":true,"href":"https:\/\/ambiental.utp.edu.co\/doctorado-interinstitucional-ciencias-ambientales\/wp-json\/wp\/v2\/comments?post=22"}],"version-history":[{"count":1,"href":"https:\/\/ambiental.utp.edu.co\/doctorado-interinstitucional-ciencias-ambientales\/wp-json\/wp\/v2\/posts\/22\/revisions"}],"predecessor-version":[{"id":10017,"href":"https:\/\/ambiental.utp.edu.co\/doctorado-interinstitucional-ciencias-ambientales\/wp-json\/wp\/v2\/posts\/22\/revisions\/10017"}],"wp:attachment":[{"href":"https:\/\/ambiental.utp.edu.co\/doctorado-interinstitucional-ciencias-ambientales\/wp-json\/wp\/v2\/media?parent=22"}],"wp:term":[{"taxonomy":"category","embeddable":true,"href":"https:\/\/ambiental.utp.edu.co\/doctorado-interinstitucional-ciencias-ambientales\/wp-json\/wp\/v2\/categories?post=22"},{"taxonomy":"post_tag","embeddable":true,"href":"https:\/\/ambiental.utp.edu.co\/doctorado-interinstitucional-ciencias-ambientales\/wp-json\/wp\/v2\/tags?post=22"}],"curies":[{"name":"wp","href":"https:\/\/api.w.org\/{rel}","templated":true}]}}