{"id":10205,"date":"2023-03-22T17:56:13","date_gmt":"2023-03-22T22:56:13","guid":{"rendered":"https:\/\/ambiental.utp.edu.co\/doctorado-interinstitucional-ciencias-ambientales\/?p=10205"},"modified":"2026-01-20T17:06:01","modified_gmt":"2026-01-20T22:06:01","slug":"grupos-de-investigacion","status":"publish","type":"post","link":"https:\/\/ambiental.utp.edu.co\/doctorado-interinstitucional-ciencias-ambientales\/sin-categoria\/grupos-de-investigacion\/","title":{"rendered":"Grupos de Investigaci\u00f3n"},"content":{"rendered":"\n<div class=\"wp-block-group\"><div class=\"wp-block-group__inner-container is-layout-constrained wp-block-group-is-layout-constrained\">\n<div class=\"wp-block-columns is-layout-flex wp-container-core-columns-is-layout-9d6595d7 wp-block-columns-is-layout-flex\">\n<div class=\"wp-block-column is-layout-flow wp-block-column-is-layout-flow\">\n<div class=\"wp-block-columns is-layout-flex wp-container-core-columns-is-layout-9d6595d7 wp-block-columns-is-layout-flex\">\n<div class=\"wp-block-column is-layout-flow wp-block-column-is-layout-flow\" style=\"flex-basis:100%\">\n<div class=\"wp-block-group is-vertical is-layout-flex wp-container-core-group-is-layout-8cf370e7 wp-block-group-is-layout-flex\">\n<div class=\"wp-block-columns is-layout-flex wp-container-core-columns-is-layout-9d6595d7 wp-block-columns-is-layout-flex\">\n<div class=\"wp-block-column is-layout-flow wp-block-column-is-layout-flow\">\n<div class=\"wp-block-group\"><div class=\"wp-block-group__inner-container is-layout-constrained wp-block-group-is-layout-constrained\">\n<figure class=\"wp-block-table\"><table class=\"has-fixed-layout\"><tbody><tr><td><strong><a href=\"https:\/\/www2.utp.edu.co\/vicerrectoria\/investigaciones\/investigaciones\/integrantes\/29\/grupo\" target=\"_blank\" rel=\"noreferrer noopener\">Agua y Saneamiento<\/a><\/strong><br><strong>C\u00f3digo:\u00a0<\/strong>COL0020339<br><strong>Categor\u00eda:\u00a0<\/strong>A<strong>Director:\u00a0<\/strong>Diego Paredes Cuervo<br><strong>Correo electr\u00f3nico:\u00a0<\/strong><a href=\"http:\/\/diparede@utp.edu.co\/\">diparede@utp.edu.co<\/a><br><strong><a href=\"https:\/\/www.utp.edu.co\/vicerrectoria\/investigaciones\/investigaciones\/integrantes\/29\/grupo\" target=\"_blank\" rel=\"noreferrer noopener\">Ver m\u00e1s informaci\u00f3n<\/a>\u00a0\/\u00a0<a href=\"https:\/\/scienti.minciencias.gov.co\/gruplac\/jsp\/visualiza\/visualizagr.jsp?nro=00000000002540\" target=\"_blank\" rel=\"noreferrer noopener\">GrupLAC<\/a><\/strong><\/td><\/tr><\/tbody><\/table><\/figure>\n<\/div><\/div>\n\n\n\n<figure class=\"wp-block-table\"><table class=\"has-fixed-layout\"><tbody><tr><td><strong><a href=\"https:\/\/www.utp.edu.co\/vicerrectoria\/investigaciones\/investigaciones\/integrantes\/232\/grupo\" target=\"_blank\" rel=\"noreferrer noopener\">Ecolog\u00eda, Ingenier\u00eda y Sociedad- EIS<\/a><\/strong><br><strong>C\u00f3digo:\u00a0<\/strong>COL0079917<br><strong>Categor\u00eda:\u00a0<\/strong>A<br><strong>Director:\u00a0<\/strong>Juan Mauricio Casta\u00f1o Rojas<br><strong>Correo electr\u00f3nico:\u00a0<\/strong><a href=\"http:\/\/jmc@utp.edu.co\/\" target=\"_blank\" rel=\"noreferrer noopener\">jmc@utp.edu.co<\/a><br><strong><a href=\"https:\/\/www.utp.edu.co\/vicerrectoria\/investigaciones\/investigaciones\/integrantes\/232\/grupo\" target=\"_blank\" rel=\"noreferrer noopener\">Ver m\u00e1s informaci\u00f3n<\/a>\u00a0\/\u00a0<a href=\"https:\/\/scienti.minciencias.gov.co\/gruplac\/jsp\/visualiza\/visualizagr.jsp?nro=00000000007272\" target=\"_blank\" rel=\"noreferrer noopener\">GrupLAC<\/a><\/strong><\/td><\/tr><\/tbody><\/table><\/figure>\n\n\n\n<figure class=\"wp-block-table\"><table class=\"has-fixed-layout\"><tbody><tr><td><strong><a href=\"https:\/\/www.utp.edu.co\/vicerrectoria\/investigaciones\/investigaciones\/integrantes\/28\/grupo\" target=\"_blank\" rel=\"noreferrer noopener\">Gesti\u00f3n en Cultura y Educaci\u00f3n Ambiental<\/a><\/strong><br><strong>C\u00f3digo:\u00a0<\/strong>COL0020393<br><strong>Categor\u00eda:\u00a0<\/strong>A<br><strong>Director:\u00a0<\/strong>Carlos Eduardo L\u00f3pez Casta\u00f1o<br><strong>Correo electr\u00f3nico:\u00a0<\/strong><a href=\"http:\/\/cel@utp.edu.co\/\" target=\"_blank\" rel=\"noreferrer noopener\">cel@utp.edu.co<\/a><br><strong><a href=\"https:\/\/www.utp.edu.co\/vicerrectoria\/investigaciones\/investigaciones\/integrantes\/28\/grupo\" target=\"_blank\" rel=\"noreferrer noopener\">Ver m\u00e1s informaci\u00f3n<\/a>\u00a0\/\u00a0<a href=\"https:\/\/scienti.minciencias.gov.co\/gruplac\/jsp\/visualiza\/visualizagr.jsp?nro=00000000002584\" target=\"_blank\" rel=\"noreferrer noopener\">GrupLAC<\/a><\/strong><\/td><\/tr><\/tbody><\/table><\/figure>\n\n\n\n<figure class=\"wp-block-table\"><table class=\"has-fixed-layout\"><tbody><tr><td><strong><a href=\"https:\/\/www.utp.edu.co\/vicerrectoria\/investigaciones\/investigaciones\/integrantes\/31\/grupo\" target=\"_blank\" rel=\"noreferrer noopener\">Gesti\u00f3n Ambiental Territorial \u2013 GAT<\/a><\/strong><br><strong>C\u00f3digo:\u00a0<\/strong>COL0006886<br><strong>Categor\u00eda:\u00a0<\/strong>A<br><strong>Director:\u00a0<\/strong>Tito Morales Pinz\u00f3n<br><strong>Correo electr\u00f3nico:\u00a0<\/strong><a href=\"http:\/\/gat@utp.edu.co\/\" target=\"_blank\" rel=\"noreferrer noopener\">gat@utp.edu.co<\/a><br><strong><a href=\"https:\/\/www.utp.edu.co\/vicerrectoria\/investigaciones\/investigaciones\/integrantes\/31\/grupo\" target=\"_blank\" rel=\"noreferrer noopener\">Ver m\u00e1s informaci\u00f3n<\/a>\u00a0\/\u00a0<a href=\"https:\/\/scienti.minciencias.gov.co\/gruplac\/jsp\/visualiza\/visualizagr.jsp?nro=00000000002576\" target=\"_blank\" rel=\"noreferrer noopener\">GrupLAC<\/a><\/strong><\/td><\/tr><\/tbody><\/table><\/figure>\n\n\n\n<figure class=\"wp-block-table\"><table class=\"has-fixed-layout\"><tbody><tr><td><strong><a href=\"https:\/\/www.utp.edu.co\/vicerrectoria\/investigaciones\/investigaciones\/integrantes\/30\/grupo\" target=\"_blank\" rel=\"noreferrer noopener\">Gesti\u00f3n en Agroecosistemas Tropicales Andinos \u2013 GATA<\/a><\/strong><br><strong>C\u00f3digo:\u00a0<\/strong>COL0006948<br><strong>Categor\u00eda:\u00a0<\/strong>A1<br><strong>Director:\u00a0<\/strong>Juan Carlos Camargo Garc\u00eda<br><strong>Correo electr\u00f3nico:\u00a0<\/strong><a href=\"http:\/\/jupipe@utp.edu.co\/\" target=\"_blank\" rel=\"noreferrer noopener\">jupipe@utp.edu.co<\/a><br><strong><a href=\"https:\/\/www.utp.edu.co\/vicerrectoria\/investigaciones\/investigaciones\/integrantes\/30\/grupo\" target=\"_blank\" rel=\"noreferrer noopener\">Ver m\u00e1s informaci\u00f3n<\/a>\u00a0\/\u00a0<a href=\"https:\/\/scienti.minciencias.gov.co\/gruplac\/jsp\/visualiza\/visualizagr.jsp?nro=00000000002555\" target=\"_blank\" rel=\"noreferrer noopener\">GrupLAC<\/a><\/strong><\/td><\/tr><\/tbody><\/table><\/figure>\n\n\n\n<figure class=\"wp-block-table\"><table class=\"has-fixed-layout\"><tbody><tr><td><strong><a href=\"https:\/\/www.utp.edu.co\/vicerrectoria\/investigaciones\/investigaciones\/integrantes\/32\/grupo\" target=\"_blank\" rel=\"noreferrer noopener\">Producci\u00f3n M\u00e1s Limpia<\/a><\/strong><br><strong>C\u00f3digo:\u00a0<\/strong>COL0014995<br><strong>Categor\u00eda:\u00a0<\/strong>A<br><strong>Director:\u00a0<\/strong>Jorge Augusto Montoya Arango<br><strong>Correo electr\u00f3nico:<\/strong>\u00a0<a href=\"http:\/\/jorgemontoya@utp.edu.co\/\" target=\"_blank\" rel=\"noreferrer noopener\">jorgemontoya@utp.edu.co<\/a><br><strong><a href=\"https:\/\/www.utp.edu.co\/vicerrectoria\/investigaciones\/investigaciones\/integrantes\/32\/grupo\" target=\"_blank\" rel=\"noreferrer noopener\">Ver m\u00e1s informaci\u00f3n<\/a>\u00a0\/\u00a0<a href=\"https:\/\/scienti.minciencias.gov.co\/gruplac\/jsp\/visualiza\/visualizagr.jsp?nro=00000000002579\" target=\"_blank\" rel=\"noreferrer noopener\">GrupLAC<\/a><\/strong><\/td><\/tr><\/tbody><\/table><\/figure>\n<\/div>\n<\/div>\n<\/div>\n<\/div>\n<\/div>\n<\/div>\n<\/div>\n<\/div><\/div>\n","protected":false},"excerpt":{"rendered":"<p>Agua y SaneamientoC\u00f3digo:\u00a0COL0020339Categor\u00eda:\u00a0ADirector:\u00a0Diego Paredes CuervoCorreo electr\u00f3nico:\u00a0diparede@utp.edu.coVer m\u00e1s informaci\u00f3n\u00a0\/\u00a0GrupLAC Ecolog\u00eda, Ingenier\u00eda y Sociedad- EISC\u00f3digo:\u00a0COL0079917Categor\u00eda:\u00a0ADirector:\u00a0Juan Mauricio Casta\u00f1o RojasCorreo electr\u00f3nico:\u00a0jmc@utp.edu.coVer m\u00e1s informaci\u00f3n\u00a0\/\u00a0GrupLAC Gesti\u00f3n [&hellip;]<\/p>\n","protected":false},"author":23,"featured_media":10202,"comment_status":"closed","ping_status":"closed","sticky":false,"template":"","format":"standard","meta":{"footnotes":""},"categories":[1],"tags":[],"class_list":["post-10205","post","type-post","status-publish","format-standard","has-post-thumbnail","hentry","category-sin-categoria"],"_links":{"self":[{"href":"https:\/\/ambiental.utp.edu.co\/doctorado-interinstitucional-ciencias-ambientales\/wp-json\/wp\/v2\/posts\/10205","targetHints":{"allow":["GET"]}}],"collection":[{"href":"https:\/\/ambiental.utp.edu.co\/doctorado-interinstitucional-ciencias-ambientales\/wp-json\/wp\/v2\/posts"}],"about":[{"href":"https:\/\/ambiental.utp.edu.co\/doctorado-interinstitucional-ciencias-ambientales\/wp-json\/wp\/v2\/types\/post"}],"author":[{"embeddable":true,"href":"https:\/\/ambiental.utp.edu.co\/doctorado-interinstitucional-ciencias-ambientales\/wp-json\/wp\/v2\/users\/23"}],"replies":[{"embeddable":true,"href":"https:\/\/ambiental.utp.edu.co\/doctorado-interinstitucional-ciencias-ambientales\/wp-json\/wp\/v2\/comments?post=10205"}],"version-history":[{"count":16,"href":"https:\/\/ambiental.utp.edu.co\/doctorado-interinstitucional-ciencias-ambientales\/wp-json\/wp\/v2\/posts\/10205\/revisions"}],"predecessor-version":[{"id":10517,"href":"https:\/\/ambiental.utp.edu.co\/doctorado-interinstitucional-ciencias-ambientales\/wp-json\/wp\/v2\/posts\/10205\/revisions\/10517"}],"wp:featuredmedia":[{"embeddable":true,"href":"https:\/\/ambiental.utp.edu.co\/doctorado-interinstitucional-ciencias-ambientales\/wp-json\/wp\/v2\/media\/10202"}],"wp:attachment":[{"href":"https:\/\/ambiental.utp.edu.co\/doctorado-interinstitucional-ciencias-ambientales\/wp-json\/wp\/v2\/media?parent=10205"}],"wp:term":[{"taxonomy":"category","embeddable":true,"href":"https:\/\/ambiental.utp.edu.co\/doctorado-interinstitucional-ciencias-ambientales\/wp-json\/wp\/v2\/categories?post=10205"},{"taxonomy":"post_tag","embeddable":true,"href":"https:\/\/ambiental.utp.edu.co\/doctorado-interinstitucional-ciencias-ambientales\/wp-json\/wp\/v2\/tags?post=10205"}],"curies":[{"name":"wp","href":"https:\/\/api.w.org\/{rel}","templated":true}]}}