{"id":9,"date":"2010-09-20T04:43:53","date_gmt":"2010-09-20T09:43:53","guid":{"rendered":"https:\/\/ambiental.utp.edu.co\/administracion-ambiental\/2010\/09\/20\/egresados\/"},"modified":"2023-08-09T08:59:10","modified_gmt":"2023-08-09T13:59:10","slug":"egresados","status":"publish","type":"post","link":"https:\/\/ambiental.utp.edu.co\/administracion-ambiental\/sin-categoria\/egresados\/","title":{"rendered":"Egresados"},"content":{"rendered":"\n<p>El 11 de septiembre de 1998, 23 estudiantes recibieron el t\u00edtulo de <strong>Administrador del Medio Ambiente<\/strong>, pertenecientes a la primera promoci\u00f3n. Hasta el momento, han egresado m\u00e1s de 300 estudiantes, de los cuales un alto porcentaje se encuentra laborando en el \u00e1mbito regional, nacional e internacional, tanto p\u00fablico como privado.<\/p>\n\n\n\n<p>El 1 de septiembre de 2003 como parte de una de las recomendaciones de los pares acad\u00e9micos, en el marco del proceso de Acreditaci\u00f3n del Programa, se cre\u00f3 <a rel=\"nofollow\" href=\"http:\/\/www.ambiegresados.com\/\">AMBIEGRESADOS &#8211; UTP<\/a><strong>,<\/strong> una comunidad virtual que utiliza la plataforma de yahoogroups para compartir informaci\u00f3n. La idea inici\u00f3 con 29 egresados y ya cuenta con 223 miembros que corresponde al 70% del total de profesionales.<\/p>\n\n\n\n<p>El grupo cuenta con un plan de trabajo en el cual se plasmaron actividades prioritarias con relaci\u00f3n a 4 resultados:<\/p>\n\n\n\n<p>1. Reglamentar la profesi\u00f3n de Administrador Ambiental.<br>\n2. Constituir una bolsa de empleo para Administradores Ambientales.<br>\n3. Establecer acuerdos sobre las pasant\u00edas de los estudiantes de Administraci\u00f3n<br>\nAmbiental.<br>\n4. Difundir el perfil del Administrador Ambiental.<\/p>\n\n\n\n<p>Adicionalmente, se administra y alimenta una base de datos con la informaci\u00f3n personal, laboral y profesional de los miembros del grupo.<\/p>\n\n\n\n<p>Gracias al trabajo de <em>Ambiegresados<\/em> con el asocio de Administradores Ambientales de otras Universidades de Pa\u00eds, el 22 de enero de 2007, se aprob\u00f3 en el Congreso de la Rep\u00fablica la <a rel=\"nofollow noopener noreferrer\" href=\"http:\/\/fenix.utp.edu.co\/media\/administracion-ambiental\/archivos\/Ley1124.pdf\" target=\"_blank\">Ley 1124, \u201cPOR MEDIO DE LA CUAL SE REGLAMENTA EL EJERCICIO DE LA PROFESI\u00d3N DE ADMINISTRADOR AMBIENTAL\u00bb,<\/a> en la cual se decreta la Administraci\u00f3n Ambiental como una carrera profesional a nivel universitario, que tiene como objeto gestionar, supervisar, controlar, ejercer autoridad, ejercer mando e intruenciar en el sistema global constituido por elementos naturales y artificiales de naturaleza f\u00edsica, qu\u00edmica, biol\u00f3gica, sociocultural y de sus interrelaciones, en permanente modificaci\u00f3n por la acci\u00f3n humana o natural que rige o condiciona la existencia o desarrollo de la vida.<\/p>\n\n\n\n<p>Los egresados tambi\u00e9n cuentan con una organizaci\u00f3n sin \u00e1nimo de lucro. la <a rel=\"nofollow noopener noreferrer\" href=\"http:\/\/www.utp.edu.co\/egresados\/\" target=\"_blank\">Asociaci\u00f3n Nacional de Egresados de la Universidad,<\/a> que busca fomentar el desarrollo integral de la Comunidad, la Universidad, la Empresa, y los Egresados estrechando entre sus miembros los v\u00ednculos de fraternidad emanados por pertenecer a la misma Alma M\u00e1ter.<\/p>\n","protected":false},"excerpt":{"rendered":"<p>El 11 de septiembre de 1998, 23 estudiantes recibieron el t\u00edtulo de Administrador del Medio Ambiente, pertenecientes a la primera promoci\u00f3n. Hasta el momento, han egresado m\u00e1s de 300 estudiantes, de los cuales un alto [&#8230;]<\/p>\n","protected":false},"author":1,"featured_media":0,"comment_status":"closed","ping_status":"closed","sticky":false,"template":"","format":"standard","meta":{"footnotes":""},"categories":[1],"tags":[],"class_list":["post-9","post","type-post","status-publish","format-standard","hentry","category-sin-categoria"],"_links":{"self":[{"href":"https:\/\/ambiental.utp.edu.co\/administracion-ambiental\/wp-json\/wp\/v2\/posts\/9","targetHints":{"allow":["GET"]}}],"collection":[{"href":"https:\/\/ambiental.utp.edu.co\/administracion-ambiental\/wp-json\/wp\/v2\/posts"}],"about":[{"href":"https:\/\/ambiental.utp.edu.co\/administracion-ambiental\/wp-json\/wp\/v2\/types\/post"}],"author":[{"embeddable":true,"href":"https:\/\/ambiental.utp.edu.co\/administracion-ambiental\/wp-json\/wp\/v2\/users\/1"}],"replies":[{"embeddable":true,"href":"https:\/\/ambiental.utp.edu.co\/administracion-ambiental\/wp-json\/wp\/v2\/comments?post=9"}],"version-history":[{"count":1,"href":"https:\/\/ambiental.utp.edu.co\/administracion-ambiental\/wp-json\/wp\/v2\/posts\/9\/revisions"}],"predecessor-version":[{"id":99,"href":"https:\/\/ambiental.utp.edu.co\/administracion-ambiental\/wp-json\/wp\/v2\/posts\/9\/revisions\/99"}],"wp:attachment":[{"href":"https:\/\/ambiental.utp.edu.co\/administracion-ambiental\/wp-json\/wp\/v2\/media?parent=9"}],"wp:term":[{"taxonomy":"category","embeddable":true,"href":"https:\/\/ambiental.utp.edu.co\/administracion-ambiental\/wp-json\/wp\/v2\/categories?post=9"},{"taxonomy":"post_tag","embeddable":true,"href":"https:\/\/ambiental.utp.edu.co\/administracion-ambiental\/wp-json\/wp\/v2\/tags?post=9"}],"curies":[{"name":"wp","href":"https:\/\/api.w.org\/{rel}","templated":true}]}}