{"id":8,"date":"2010-06-30T03:48:20","date_gmt":"2010-06-30T08:48:20","guid":{"rendered":"https:\/\/ambiental.utp.edu.co\/administracion-ambiental\/2010\/06\/30\/perfil\/"},"modified":"2010-06-30T03:48:20","modified_gmt":"2010-06-30T08:48:20","slug":"perfil","status":"publish","type":"post","link":"https:\/\/ambiental.utp.edu.co\/administracion-ambiental\/sin-categoria\/perfil\/","title":{"rendered":"Perfil"},"content":{"rendered":"\n<p><strong>El administrador ambiental<\/strong><\/p>\n\n\n\n<p>Es un Gestor Ambiental que promueve a partir de sus valores, habilidades y destrezas, los nuevos conocimientos, axiolog\u00eda, estrategias y t\u00e9cnicas que exigen la nueva dimensi\u00f3n ambiental del desarrollo; abord\u00e1ndola como un objeto de estudio complejo; capaz de entender las problem\u00e1ticas y oportunidades ambientales con una visi\u00f3n sist\u00e9mica e interdisciplinaria; y con competencias no solo para la planificaci\u00f3n p\u00fablica, sino tambi\u00e9n en los campos de la organizaci\u00f3n, la ejecuci\u00f3n y la auditoria ambiental en el plano de la administraci\u00f3n privada.<\/p>\n\n\n\n<p><strong>Perfil Ocupacional<\/strong><\/p>\n\n\n\n<p>El Administrador Ambiental realiza acciones relacionadas con planes de desarrollo y de ordenamiento territorial insertando la variable ambiental en ellos: administra programas y proyectos de impacto ambiental y control de contaminaci\u00f3n ambiental; desarrolla investigaci\u00f3n b\u00e1sica y aplicada de aspectos relacionados con su campo profesional; asesora entidades p\u00fablicas y privadas en la planeaci\u00f3n y manejo de programas y proyectos de impacto ambiental. Dado que el estudio de la dimensi\u00f3n ambiental debe ser afrontado en la forma interdisciplinaria, el Administrador Ambiental estar\u00e1 vinculado permanentemente a grupos de trabajo para el desarrollo de proyectos ambientales de desarrollo urbano y rural.<\/p>\n\n\n\n<p><strong>\u00c1mbito y Perfil Profesional<\/strong><\/p>\n\n\n\n<p><strong>1. Gestor del desarrollo.<\/strong><\/p>\n\n\n\n<ul class=\"wp-block-list\"><li>Lidera y \/o participa en diagn\u00f3sticos biof\u00edsicos y socioculturales.<\/li><li>Participa y prospecta proyectos de desarrollo ambiental.<\/li><li>Gestiona y \/o participa en la formulaci\u00f3n de planes, programas y proyectos de desarrollo ambiental.<\/li><li>Gestiona y \/ o participa en la evaluaci\u00f3n de planes, programas y proyectos de desarrollo ambiental.<\/li><li>Gestiona y monitorea la ejecuci\u00f3n de planes, programas y proyectos de desarrollo ambiental.<\/li><\/ul>\n\n\n\n<p><strong>2. Gestor de tecnolog\u00edas y pr\u00e1cticas alternativas ambientales.<\/strong><\/p>\n\n\n\n<ul class=\"wp-block-list\"><li>Gestiona y \/ o participa en la formulaci\u00f3n, evaluaci\u00f3n y control de proyectos de abastecimiento de agua potable y saneamiento b\u00e1sico.<\/li><li>Gestiona y \/ o participa en la formulaci\u00f3n, evaluaci\u00f3n y control de pol\u00edticas, planes, programas y proyectos de contaminaci\u00f3n ambiental.<\/li><li>Gestiona y \/ o participa en la formulaci\u00f3n, evaluaci\u00f3n y control de pol\u00edticas, planes, programas y proyectos para el uso, manejo y conservaci\u00f3n del suelo y la biodiversidad.<\/li><li>Gestiona y \/ o participa en la formulaci\u00f3n, evaluaci\u00f3n y control de pol\u00edticas, planes, programas y proyectos para una producci\u00f3n m\u00e1s limpia.<\/li><li>Gestiona y \/ o participa en la formulaci\u00f3n, evaluaci\u00f3n de estudios de impacto ambiental.<\/li><li>Dise\u00f1a y gestiona sistemas de gesti\u00f3n ambiental.<\/li><\/ul>\n\n\n\n<p>&nbsp;<strong>3.&nbsp;Gestor de procesos culturales ambientales.<\/strong><\/p>\n\n\n\n<ul class=\"wp-block-list\"><li>Gestiona y formula procesos, planes, programas y proyectos de educaci\u00f3n ambiental.<\/li><li>Gestiona y \/ o participa en la recuperaci\u00f3n y conservaci\u00f3n del patrimonio hist\u00f3rico \u2013 cultural.<\/li><li>Gestiona, facilita y lidera procesos de desarrollo y participaci\u00f3n comunitaria.<\/li><\/ul>\n\n\n\n<p><strong>Para desarrollar lo anterior el Administrador Ambiental cuenta con m\u00faltiples competencias:<\/strong><\/p>\n\n\n\n<p><strong>Capacidades<\/strong><\/p>\n\n\n\n<ul class=\"wp-block-list\"><li><strong>S\u00edntesis<\/strong>, para extraer lo \u00fatil y productivo de cada t\u00e9cnica, modelo o experiencia.<\/li><li><strong>Planificadora<\/strong>, para el logro organizado de las metas propuestas.<\/li><li><strong>Organizadora<\/strong>, para dar forma ordenada a las ideas o alternativas, de modo que los elementos se sucedan en forma l\u00f3gica.<\/li><li><strong>Creativa<\/strong>, para imaginar, ser original, y tener iniciativa propia. De dise\u00f1o, para realizar descripciones o bosquejos de modelos, procedimientos, m\u00e9todos, formas y sistemas.<\/li><li><strong>Integradora<\/strong>, para manejar conjuntamente los recursos humanos, econ\u00f3micos, financieros y f\u00edsicos de la empresa.<\/li><li><strong>Evaluadora<\/strong>, para escoger y definir los factores y criterios determinados en un proceso, problema y situaci\u00f3n.<\/li><li><strong>De control<\/strong>, para asegurar el cumplimiento de las metas.<\/li><\/ul>\n\n\n\n<p><strong>Habilidades y Destrezas<\/strong><\/p>\n\n\n\n<ul class=\"wp-block-list\"><li><strong>B\u00e1sicas<\/strong>, para saber preparar, conducir y evaluar experiencias, informaciones, resultados, elaborar modelos, inducir comportamientos, tomar decisiones y resolver problemas.<\/li><li><strong>Comunicadora<\/strong>, para transmitir y motivar a las diferentes personas vinculadas a su trabajo.<\/li><li><strong>Persuasiva<\/strong>, para influir en los dem\u00e1s con sus ideas y poner en marcha sus programas y acciones.<\/li><li><strong>Recursiva<\/strong>, para responder a diversos aspectos de la organizaci\u00f3n econ\u00f3mica y social de la comunidad a la que est\u00e1 prestando sus servicios profesionales.<\/li><li><strong>De ejercicio<\/strong>, para cumplir con lo objetivos previstos a los planes y programas.<\/li><\/ul>\n\n\n\n<p><strong>Actitudes<\/strong><\/p>\n\n\n\n<ul class=\"wp-block-list\"><li><strong>Preocupaci\u00f3n<\/strong> por el logro de objetivos.<\/li><li><strong>Responsabilidad<\/strong> por sus funciones y los proyectos que emprende.<\/li><li><strong>Continuidad <\/strong>en los prop\u00f3sitos y acciones emprendidas.<\/li><li><strong>Colaboraci\u00f3n <\/strong>en el trabajo de los dem\u00e1s y en las labores de equipo<strong>.<\/strong><\/li><li><strong>Adaptabilidad<\/strong> a la renovaci\u00f3n t\u00e9cnica, a nuevos conocimientos y a la inquietud cient\u00edfica e investigativa.<\/li><li><strong>Receptividad al cambio<\/strong>, respecto a las ideas de los dem\u00e1s.<\/li><\/ul>\n","protected":false},"excerpt":{"rendered":"<p>El administrador ambiental Es un Gestor Ambiental que promueve a partir de sus valores, habilidades y destrezas, los nuevos conocimientos, axiolog\u00eda, estrategias y t\u00e9cnicas que exigen la nueva dimensi\u00f3n ambiental del desarrollo; abord\u00e1ndola como un [&#8230;]<\/p>\n","protected":false},"author":1,"featured_media":0,"comment_status":"closed","ping_status":"closed","sticky":false,"template":"","format":"standard","meta":{"footnotes":""},"categories":[1],"tags":[],"class_list":["post-8","post","type-post","status-publish","format-standard","hentry","category-sin-categoria"],"_links":{"self":[{"href":"https:\/\/ambiental.utp.edu.co\/administracion-ambiental\/wp-json\/wp\/v2\/posts\/8","targetHints":{"allow":["GET"]}}],"collection":[{"href":"https:\/\/ambiental.utp.edu.co\/administracion-ambiental\/wp-json\/wp\/v2\/posts"}],"about":[{"href":"https:\/\/ambiental.utp.edu.co\/administracion-ambiental\/wp-json\/wp\/v2\/types\/post"}],"author":[{"embeddable":true,"href":"https:\/\/ambiental.utp.edu.co\/administracion-ambiental\/wp-json\/wp\/v2\/users\/1"}],"replies":[{"embeddable":true,"href":"https:\/\/ambiental.utp.edu.co\/administracion-ambiental\/wp-json\/wp\/v2\/comments?post=8"}],"version-history":[{"count":0,"href":"https:\/\/ambiental.utp.edu.co\/administracion-ambiental\/wp-json\/wp\/v2\/posts\/8\/revisions"}],"wp:attachment":[{"href":"https:\/\/ambiental.utp.edu.co\/administracion-ambiental\/wp-json\/wp\/v2\/media?parent=8"}],"wp:term":[{"taxonomy":"category","embeddable":true,"href":"https:\/\/ambiental.utp.edu.co\/administracion-ambiental\/wp-json\/wp\/v2\/categories?post=8"},{"taxonomy":"post_tag","embeddable":true,"href":"https:\/\/ambiental.utp.edu.co\/administracion-ambiental\/wp-json\/wp\/v2\/tags?post=8"}],"curies":[{"name":"wp","href":"https:\/\/api.w.org\/{rel}","templated":true}]}}