{"id":7,"date":"2010-06-30T03:43:16","date_gmt":"2010-06-30T08:43:16","guid":{"rendered":"https:\/\/ambiental.utp.edu.co\/administracion-ambiental\/2010\/06\/30\/comite-curricular\/"},"modified":"2010-06-30T03:43:16","modified_gmt":"2010-06-30T08:43:16","slug":"comite-curricular","status":"publish","type":"post","link":"https:\/\/ambiental.utp.edu.co\/administracion-ambiental\/sin-categoria\/comite-curricular\/","title":{"rendered":"Comite Curricular"},"content":{"rendered":"\n<p>Es un \u00f3rgano de car\u00e1cter asesor de la Escuela. Atiende los requerimientos que le hagan las salas de profesores, Consejo de Facultad, Consejos Acad\u00e9mico y Superior, cuando as\u00ed lo dispongan.<\/p>\n\n\n\n<p>Est\u00e1 integrado por: el director de la escuela quien lo preside, los 3 jefes de departamento, un docente representante, dos representantes de los estudiantes del programa (nombrados por el Consejo de Facultad), un egresado del programa (nombrado por la Asociaci\u00f3n de Egresados).<\/p>\n\n\n\n<p>(Ampliar informaci\u00f3n en el <a rel=\"nofollow noopener noreferrer\" href=\"http:\/\/www.utp.edu.co\/secretaria\/es\/acuerdos\/info\/1\/62\" target=\"_blank\">Acuerdo 013 de 1997<\/a> del Consejo Superior de la U.T.P.)<\/p>\n\n\n\n<p>Adem\u00e1s de las funciones propias de este organismo, desde 1997 y hasta el a\u00f1o 2000, llev\u00f3 a cabo el proceso de reforma Curricular del Programa de Administraci\u00f3n Ambiental y trabaj\u00f3 en forma articulada con el Comit\u00e9 de Autoevaluaci\u00f3n, con fines de Acreditaci\u00f3n.<\/p>\n","protected":false},"excerpt":{"rendered":"<p>Es un \u00f3rgano de car\u00e1cter asesor de la Escuela. Atiende los requerimientos que le hagan las salas de profesores, Consejo de Facultad, Consejos Acad\u00e9mico y Superior, cuando as\u00ed lo dispongan. Est\u00e1 integrado por: el director [&#8230;]<\/p>\n","protected":false},"author":1,"featured_media":0,"comment_status":"closed","ping_status":"closed","sticky":false,"template":"","format":"standard","meta":{"footnotes":""},"categories":[1],"tags":[],"class_list":["post-7","post","type-post","status-publish","format-standard","hentry","category-sin-categoria"],"_links":{"self":[{"href":"https:\/\/ambiental.utp.edu.co\/administracion-ambiental\/wp-json\/wp\/v2\/posts\/7","targetHints":{"allow":["GET"]}}],"collection":[{"href":"https:\/\/ambiental.utp.edu.co\/administracion-ambiental\/wp-json\/wp\/v2\/posts"}],"about":[{"href":"https:\/\/ambiental.utp.edu.co\/administracion-ambiental\/wp-json\/wp\/v2\/types\/post"}],"author":[{"embeddable":true,"href":"https:\/\/ambiental.utp.edu.co\/administracion-ambiental\/wp-json\/wp\/v2\/users\/1"}],"replies":[{"embeddable":true,"href":"https:\/\/ambiental.utp.edu.co\/administracion-ambiental\/wp-json\/wp\/v2\/comments?post=7"}],"version-history":[{"count":0,"href":"https:\/\/ambiental.utp.edu.co\/administracion-ambiental\/wp-json\/wp\/v2\/posts\/7\/revisions"}],"wp:attachment":[{"href":"https:\/\/ambiental.utp.edu.co\/administracion-ambiental\/wp-json\/wp\/v2\/media?parent=7"}],"wp:term":[{"taxonomy":"category","embeddable":true,"href":"https:\/\/ambiental.utp.edu.co\/administracion-ambiental\/wp-json\/wp\/v2\/categories?post=7"},{"taxonomy":"post_tag","embeddable":true,"href":"https:\/\/ambiental.utp.edu.co\/administracion-ambiental\/wp-json\/wp\/v2\/tags?post=7"}],"curies":[{"name":"wp","href":"https:\/\/api.w.org\/{rel}","templated":true}]}}