{"id":5,"date":"2010-06-30T03:39:35","date_gmt":"2010-06-30T08:39:35","guid":{"rendered":"https:\/\/ambiental.utp.edu.co\/administracion-ambiental\/2010\/06\/30\/objetivo-general\/"},"modified":"2010-06-30T03:39:35","modified_gmt":"2010-06-30T08:39:35","slug":"objetivo-general","status":"publish","type":"post","link":"https:\/\/ambiental.utp.edu.co\/administracion-ambiental\/sin-categoria\/objetivo-general\/","title":{"rendered":"Objetivo General"},"content":{"rendered":"\n<p>Formar un profesional que est\u00e9 en capacidad de administrar cient\u00edficamente la problem\u00e1tica ambiental y la oferta de recursos en el \u00e1mbito biof\u00edsico y sociocultural, hacia la generaci\u00f3n de los criterios que promuevan un desarrollo regional y sostenible.<\/p>\n","protected":false},"excerpt":{"rendered":"<p>Formar un profesional que est\u00e9 en capacidad de administrar cient\u00edficamente la problem\u00e1tica ambiental y la oferta de recursos en el \u00e1mbito biof\u00edsico y sociocultural, hacia la generaci\u00f3n de los criterios que promuevan un desarrollo regional [&#8230;]<\/p>\n","protected":false},"author":1,"featured_media":0,"comment_status":"closed","ping_status":"closed","sticky":false,"template":"","format":"standard","meta":{"footnotes":""},"categories":[1],"tags":[],"class_list":["post-5","post","type-post","status-publish","format-standard","hentry","category-sin-categoria"],"_links":{"self":[{"href":"https:\/\/ambiental.utp.edu.co\/administracion-ambiental\/wp-json\/wp\/v2\/posts\/5","targetHints":{"allow":["GET"]}}],"collection":[{"href":"https:\/\/ambiental.utp.edu.co\/administracion-ambiental\/wp-json\/wp\/v2\/posts"}],"about":[{"href":"https:\/\/ambiental.utp.edu.co\/administracion-ambiental\/wp-json\/wp\/v2\/types\/post"}],"author":[{"embeddable":true,"href":"https:\/\/ambiental.utp.edu.co\/administracion-ambiental\/wp-json\/wp\/v2\/users\/1"}],"replies":[{"embeddable":true,"href":"https:\/\/ambiental.utp.edu.co\/administracion-ambiental\/wp-json\/wp\/v2\/comments?post=5"}],"version-history":[{"count":0,"href":"https:\/\/ambiental.utp.edu.co\/administracion-ambiental\/wp-json\/wp\/v2\/posts\/5\/revisions"}],"wp:attachment":[{"href":"https:\/\/ambiental.utp.edu.co\/administracion-ambiental\/wp-json\/wp\/v2\/media?parent=5"}],"wp:term":[{"taxonomy":"category","embeddable":true,"href":"https:\/\/ambiental.utp.edu.co\/administracion-ambiental\/wp-json\/wp\/v2\/categories?post=5"},{"taxonomy":"post_tag","embeddable":true,"href":"https:\/\/ambiental.utp.edu.co\/administracion-ambiental\/wp-json\/wp\/v2\/tags?post=5"}],"curies":[{"name":"wp","href":"https:\/\/api.w.org\/{rel}","templated":true}]}}