{"id":29,"date":"2013-04-10T09:41:10","date_gmt":"2013-04-10T14:41:10","guid":{"rendered":"https:\/\/ambiental.utp.edu.co\/administracion-ambiental\/2013\/04\/10\/coloquio-para-la-reforma-curricular-del-programa\/"},"modified":"2022-09-27T10:32:15","modified_gmt":"2022-09-27T15:32:15","slug":"coloquio-para-la-reforma-curricular-del-programa","status":"publish","type":"post","link":"https:\/\/ambiental.utp.edu.co\/administracion-ambiental\/sin-categoria\/coloquio-para-la-reforma-curricular-del-programa\/","title":{"rendered":"Coloquio para la Reforma Curricular del Programa"},"content":{"rendered":"\n<p><strong>PRIMERA PONENCIA: \u201cANALISIS CURRICULAR DEL PROGRAMA ADMINISTRACI\u00d3N DEL MEDIO AMBIENTE DESDE EL A\u00d1O 2001\u201d<\/strong><\/p>\n\n\n\n<ul class=\"wp-block-list\"><li><a rel=\"nofollow noopener noreferrer\" href=\"http:\/\/media2.utp.edu.co\/programas\/29\/1-presentacion-primera-ponencia.pdf\" target=\"_blank\" title=\"PRESENTACI\u00d3N - 1RA PONENCIA\"><strong>PRESENTACI\u00d3N<\/strong><\/a><\/li><li><a rel=\"nofollow noopener noreferrer\" href=\"http:\/\/media2.utp.edu.co\/programas\/29\/2-acta-primera-ponencia-coloquio-reforma-curricular.pdf\" target=\"_blank\" title=\"ACTA 1RA PONENCIA\"><strong>ACTA<\/strong><\/a><\/li><li><a rel=\"nofollow noopener noreferrer\" href=\"http:\/\/media2.utp.edu.co\/programas\/29\/3-administracion-del-medio-ambiente.pdf\" target=\"_blank\"><strong>INFORME DE DESERCI\u00d3N ADMINISTRACI\u00d3N DEL MEDIO AMBIENTE<\/strong><\/a><\/li><li><a rel=\"nofollow noopener noreferrer\" href=\"http:\/\/media2.utp.edu.co\/programas\/29\/4-encuesta-estudiantes-administracion-ambiental-tesistas.pdf\" target=\"_blank\" title=\"ENCUESTA ESTUDIANTES TESISTAS\"><strong>ENCUESTA A ESTUDIANTES EN TRABAJO DE GRADO<\/strong><\/a><\/li><li><a rel=\"nofollow noopener noreferrer\" href=\"http:\/\/media2.utp.edu.co\/programas\/29\/5-informe-de-encuesta-desercion-programa-de-administracion-del-medio-ambiente-2012.pdf\" target=\"_blank\" title=\"INFORME DE ENCUESTA\"><strong>INFORME DE RESULTADOS DE ENCUESTA A ESTUDIANTES EN TRABAJO DE GRADO<\/strong><\/a><\/li><\/ul>\n\n\n\n<p><strong>SEGUNDA PONENCIA: \u201cCOMPETENCIAS PARA LA FORMACI\u00d3N DEL ADMINISTRADOR AMBIENTAL\u201d<\/strong><\/p>\n\n\n\n<ul class=\"wp-block-list\"><li><a rel=\"nofollow noopener noreferrer\" href=\"http:\/\/media2.utp.edu.co\/programas\/29\/1-presentacion-competencias-del-administrador-ambiental.pdf\" target=\"_blank\" title=\"PRESENTACI\u00d3N - 2DA PONENCIA\"><strong>PRESENTACI\u00d3N<\/strong><\/a><\/li><li><strong><a rel=\"nofollow noopener noreferrer\" href=\"http:\/\/media2.utp.edu.co\/programas\/29\/2-ponencia-competencias-del-administrador-ambiental.pdf\" target=\"_blank\" title=\"SEGUNDA PONENCIA\">PONENCIA<\/a><\/strong><\/li><\/ul>\n\n\n\n<p><strong>TERCERA PONENCIA: \u00abMetodolog\u00edas de Ense\u00f1anza-Aprendizaje para el Administrador Ambiental\u201d<\/strong><\/p>\n\n\n\n<ul class=\"wp-block-list\"><li><strong><a href=\"http:\/\/media2.utp.edu.co\/programas\/29\/ACTA_TERCERA_PONENCIA.pdf\" target=\"_blank\" rel=\"noreferrer noopener\">ACTA TERCERA PONENCIA\u00a0<\/a><\/strong><\/li><\/ul>\n\n\n\n<p><strong>COMIT\u00c9 CURRICULAR AMPLIADO PARA EL ESTUDIO DE LOS PERFILES DEL ADMINISTRADOR AMBIENTAL: (vease documentos)<\/strong><\/p>\n\n\n\n<ul class=\"wp-block-list\"><li><strong><a href=\"http:\/\/media2.utp.edu.co\/programas\/29\/Estudio_de_Mercado_Laboral-2012.pdf\" target=\"_blank\" rel=\"noreferrer noopener\">Estudio de Mercado Laboral &#8211; 2012\u00a0<\/a><\/strong><\/li><li><strong><a href=\"http:\/\/media2.utp.edu.co\/programas\/29\/Informe_Ejectivo_nuevo_pensum_Leon_Felipe_presentado_CA.pdf\" target=\"_blank\" rel=\"noreferrer noopener\">Informe Ejectivo nuevo pensum Le\u00f3n Felipe presentado CA<\/a><\/strong><\/li><li><strong><a href=\"http:\/\/media2.utp.edu.co\/programas\/29\/Ley_1124_del_Administrador_Ambiental.pdf\" target=\"_blank\" rel=\"noreferrer noopener\">Ley_1124 del Administrador Ambiental<\/a><\/strong><\/li><li><a href=\"http:\/\/media2.utp.edu.co\/programas\/29\/Libro_blanco-Jhoniers_Guerrero_Erazo.pdf\" target=\"_blank\" rel=\"noreferrer noopener\"><strong>Libro blanco-Jhoniers Guerrero Erazo<\/strong><\/a><\/li><\/ul>\n\n\n\n<p><strong><a rel=\"nofollow noopener noreferrer\" href=\"http:\/\/media2.utp.edu.co\/programas\/29\/Proceso_para_el_ajuste_curricular_y_la_doble_titulacion.pdf\" target=\"_blank\">INFORME PARA EL AJUSTE CURRICULAR DEL PROGRAMA DE ADMINISTRACI\u00d3N DEL MEDIO AMBIENTE &nbsp;A\u00d1O 2013&nbsp;<\/a><\/strong><\/p>\n\n\n\n<p><strong>PROPUESTA Y REFLEXIONES DE PROFESORES ANTE EL AJUSTE CURRICULAR<\/strong><\/p>\n\n\n\n<ul class=\"wp-block-list\"><li><a href=\"http:\/\/media2.utp.edu.co\/programas\/29\/aportes%20ZUMA.pdf\" target=\"_blank\" rel=\"noreferrer noopener\"><strong>Mg. Diego Mauricio Zuluaga Delgado.<\/strong><\/a><\/li><li><strong><a href=\"http:\/\/media2.utp.edu.co\/programas\/29\/Escrito%20Curriculo.pdf\" target=\"_blank\" rel=\"noreferrer noopener\">Tito Morales Pinz\u00f3n.\u00a0<\/a><\/strong><\/li><li><a href=\"http:\/\/media2.utp.edu.co\/programas\/29\/Reflexiones%20carlos%20Ignacio.pdf\" target=\"_blank\" rel=\"noreferrer noopener\"><strong>Carlos Ignacio Jim\u00e9nez Montoya.<\/strong><\/a><\/li><li><strong><a href=\"http:\/\/media2.utp.edu.co\/programas\/29\/Proceso%20para%20la%20reforma%20curricular%20y%20la%20doble%20titulaci%C3%B3n%201o%20Abril%20%20Observaciones%20Ana%20Patricia%20Quintana.pdf\" target=\"_blank\" rel=\"noreferrer noopener\">Ana Patricia Quintana Ram\u00edrez.<\/a>\u00a0<\/strong><\/li><\/ul>\n\n\n\n<ul class=\"wp-block-list\"><li> <p><strong><a href=\"http:\/\/media2.utp.edu.co\/programas\/29\/Encuesta%20-%20Ajuste%20Curricular%20Administraci%C3%B3n%20del%20Medio%20Ambiente%202014%20-%20Formularios%20de%20Google.pdf\" target=\"_blank\" rel=\"noreferrer noopener\">Encuesta &#8211; Ajuste Curricular\u00a0Administraci\u00f3n\u00a0Ambiental.<\/a><\/strong><\/p> <\/li><\/ul>\n","protected":false},"excerpt":{"rendered":"<p>PRIMERA PONENCIA: \u201cANALISIS CURRICULAR DEL PROGRAMA ADMINISTRACI\u00d3N DEL MEDIO AMBIENTE DESDE EL A\u00d1O 2001\u201d PRESENTACI\u00d3N ACTA INFORME DE DESERCI\u00d3N ADMINISTRACI\u00d3N DEL MEDIO AMBIENTE ENCUESTA A ESTUDIANTES EN TRABAJO DE GRADO INFORME DE RESULTADOS DE ENCUESTA [&#8230;]<\/p>\n","protected":false},"author":1,"featured_media":0,"comment_status":"closed","ping_status":"closed","sticky":false,"template":"","format":"standard","meta":{"footnotes":""},"categories":[1],"tags":[],"class_list":["post-29","post","type-post","status-publish","format-standard","hentry","category-sin-categoria"],"_links":{"self":[{"href":"https:\/\/ambiental.utp.edu.co\/administracion-ambiental\/wp-json\/wp\/v2\/posts\/29","targetHints":{"allow":["GET"]}}],"collection":[{"href":"https:\/\/ambiental.utp.edu.co\/administracion-ambiental\/wp-json\/wp\/v2\/posts"}],"about":[{"href":"https:\/\/ambiental.utp.edu.co\/administracion-ambiental\/wp-json\/wp\/v2\/types\/post"}],"author":[{"embeddable":true,"href":"https:\/\/ambiental.utp.edu.co\/administracion-ambiental\/wp-json\/wp\/v2\/users\/1"}],"replies":[{"embeddable":true,"href":"https:\/\/ambiental.utp.edu.co\/administracion-ambiental\/wp-json\/wp\/v2\/comments?post=29"}],"version-history":[{"count":1,"href":"https:\/\/ambiental.utp.edu.co\/administracion-ambiental\/wp-json\/wp\/v2\/posts\/29\/revisions"}],"predecessor-version":[{"id":79,"href":"https:\/\/ambiental.utp.edu.co\/administracion-ambiental\/wp-json\/wp\/v2\/posts\/29\/revisions\/79"}],"wp:attachment":[{"href":"https:\/\/ambiental.utp.edu.co\/administracion-ambiental\/wp-json\/wp\/v2\/media?parent=29"}],"wp:term":[{"taxonomy":"category","embeddable":true,"href":"https:\/\/ambiental.utp.edu.co\/administracion-ambiental\/wp-json\/wp\/v2\/categories?post=29"},{"taxonomy":"post_tag","embeddable":true,"href":"https:\/\/ambiental.utp.edu.co\/administracion-ambiental\/wp-json\/wp\/v2\/tags?post=29"}],"curies":[{"name":"wp","href":"https:\/\/api.w.org\/{rel}","templated":true}]}}