{"id":41,"date":"2014-04-10T09:39:47","date_gmt":"2014-04-10T14:39:47","guid":{"rendered":"https:\/\/ambiental.utp.edu.co\/admin-turismo-sostenible\/2014\/04\/10\/noticias-breves-de-turismo-rural\/"},"modified":"2022-09-27T11:15:42","modified_gmt":"2022-09-27T16:15:42","slug":"noticias-breves-de-turismo-rural","status":"publish","type":"post","link":"https:\/\/ambiental.utp.edu.co\/admin-turismo-sostenible\/menu\/noticias\/noticias-breves-de-turismo-rural\/","title":{"rendered":"Noticias Breves de Turismo Rural"},"content":{"rendered":"\n<p><strong>Noticias Breves del \u00c1rea de Turismo Rural<\/strong><\/p>\n\n\n\n<ol class=\"wp-block-list\"><li>Imperdible!. Casos de Turismo Rural. Un seminario que se las trae.&nbsp;<\/li><li><strong>Inicia el Curso de Alta Direcci\u00f3n en Turismo Rural.&nbsp;<strong>Nuevo Formato<\/strong><\/strong><\/li><li>Entrevista al Director del \u00c1rea sobre las caracter\u00edsticas del curso en Hombres de Campo<\/li><li>Entrevista a Rodrigo Lisiardi de la Estancia Don Silvano en el mismo programa.<\/li><\/ol>\n\n\n\n<p><strong>1.- CASOS DE TURISMO RURAL.<\/strong>&nbsp;Ser\u00e1 un seminario abierto y gratuito en el que los propietarios, egresados del curso, presentar\u00e1n su caso en el mercado. Sin dudas estas presentaciones son muy atractivas para los interesados en el turismo rural. En la Facultad de Agronom\u00eda el 14 de abril de 14 a 20 horas. Los temas que se abordar\u00e1n son los siguientes:<\/p>\n\n\n\n<ul class=\"wp-block-list\"><li><strong>El turismo puede ser un instrumento de integraci\u00f3n nacional.<\/strong>&nbsp;Ernesto Barrera. Director del \u00c1rea de Turismo Rural.<\/li><li><strong>Estancia Virocay.<\/strong>&nbsp;Valorar la naturaleza y su conocimiento. Patricia Haynes. Gobernador Virasoro. Corrientes.<a rel=\"nofollow noopener noreferrer\" href=\"http:\/\/d.mlc3s1.com.ar\/class\/link.php?liid=&amp;id=wyteyspewsypyrsu&amp;url=aHR0cDovL3d3dy5lc3RhbmNpYXZpcm9jYXkuY29tLmFyLw%3D%3D\" target=\"_blank\">http:\/\/www.estanciavirocay.com.ar\/<\/a><\/li><li><strong>Ruta de la Leche.&nbsp;<\/strong>Valorar la identidad local. Javier Dellam\u00f3nica. Provincia de Santa Fe.&nbsp;<a rel=\"nofollow noopener noreferrer\" href=\"http:\/\/d.mlc3s1.com.ar\/class\/link.php?liid=&amp;id=wyteyspewsypyrsu&amp;url=aHR0cHM6Ly9lcy1lcy5mYWNlYm9vay5jb20vcnV0YWRlbGFsZWNoZQ%3D%3D\" target=\"_blank\">https:\/\/es-es.facebook.com\/rutadelaleche<\/a><\/li><li><strong>Los dos vagones.<\/strong>&nbsp;Creatividad. Turismo Rural y Eventos. Miriam Gattari. Bavio. Provincia de Buenos Aires.<a rel=\"nofollow noopener noreferrer\" href=\"http:\/\/d.mlc3s1.com.ar\/class\/link.php?liid=&amp;id=wyteyspewsypyrsu&amp;url=aHR0cDovL2xvc2Rvc3ZhZ29uZXMuY29tLmFyLw%3D%3D\" target=\"_blank\">http:\/\/losdosvagones.com.ar\/<\/a><\/li><li><strong>Sidra P\u00fclku.<\/strong>&nbsp;Agregar valor a la producci\u00f3n de frutas. Mar\u00eda In\u00e9s Caparr\u00f3s. Chacra Don Sim\u00f3n. Villa Regina. R\u00edo Negro.&nbsp;<a rel=\"nofollow noopener noreferrer\" href=\"http:\/\/d.mlc3s1.com.ar\/class\/link.php?liid=&amp;id=wyteyspewsypyrsu&amp;url=aHR0cDovL3d3dy5wdWxrdS5jb20uYXIv\" target=\"_blank\">http:\/\/www.pulku.com.ar\/<\/a><\/li><li><strong>Estancia El Lunar. Hunting Lodge.<\/strong>&nbsp;Caza sustentable. M\u00f3nica Orazi. Coronel Pringles. Buenos Aires.<a rel=\"nofollow noopener noreferrer\" href=\"http:\/\/www.estanciaellunar.com\/\" target=\"_blank\">http:\/\/www.estanciaellunar.com\/<\/a><\/li><li><strong>Turismo en los pueblos rurales.<\/strong>&nbsp;Dif\u00edcil. Pero se puede. Jos\u00e9 Yanes. San Andr\u00e9s de Giles. Buenos Aires.<\/li><li><strong>Los Charitos.<\/strong>&nbsp;Descanso en la naturaleza. Elisa Schuster. Magdalena. Buenos Aires.&nbsp;<a rel=\"nofollow noopener noreferrer\" href=\"http:\/\/d.mlc3s1.com.ar\/class\/link.php?liid=&amp;id=wyteyspewsypyrsu&amp;url=aHR0cDovL3d3dy5sb3MtY2hhcml0b3MuY29tLmFyLw%3D%3D\" target=\"_blank\">http:\/\/www.los-charitos.com.ar\/<\/a><\/li><li><strong>Hotel de Monta\u00f1a Paso del C\u00f3ndor.<\/strong>&nbsp;Un proyecto de inversi\u00f3n sustentable. Juan Pablo Tozzi. Altos de Nogol\u00ed. Hip\u00f3lito Irigoyen. San Luis,&nbsp;<a rel=\"nofollow noopener noreferrer\" href=\"http:\/\/d.mlc3s1.com.ar\/class\/link.php?liid=&amp;id=wyteyspewsypyrsu&amp;url=aHR0cDovL3Bhc29kZWxjb25kb3IuY29tLmFyLw%3D%3D\" target=\"_blank\">http:\/\/pasodelcondor.com.ar\/<\/a><\/li><li><strong>La experiencias del INTA San Luis en el Turismo Rural.<\/strong>&nbsp;Marcelo Pereira. INTA Concar\u00e1n. San Luis<\/li><\/ul>\n\n\n\n<p>El seminario es de acceso libre y gratuito pero requiere registraci\u00f3n previa. Los interesados en participar deben comunicarse con el \u00c1rea de Turismo Rural a&nbsp;<a href=\"mailto:agrotur@agro.uba.ar\" target=\"_blank\" rel=\"noopener noreferrer\">agrotur@agro.uba.ar<\/a>&nbsp;TE (011) 4524 8000 int 8206&nbsp;<\/p>\n\n\n\n<p><strong>2.- INICIA EL CURSO DE ALTA DIRECCI\u00d3N A DISTANCIA. ESTRENA NUEVA FORMA DE INGRESO.&nbsp;<\/strong>El pr\u00f3ximo curso a distancia comenzar\u00e1 en el mes de junio. Sera su XIV edici\u00f3n ya que se dict\u00f3 por primera vez a distancia en 2002 contando a la fecha con egresados de 26 pa\u00edses. Este a\u00f1o la modalidad de ingreso cambiar\u00e1, el curso dejar\u00e1 de iniciarse s\u00f3lo una vez al a\u00f1o, para dictarse de manera continua a lo largo del a\u00f1o, as\u00ed &nbsp;los interesados podr\u00e1n incorporarse, a partir de junio, en cualquier momento del a\u00f1o. M\u00e1s informaci\u00f3n en turdis@agro.uba.<\/p>\n\n\n\n<p><strong>3.- ENTREVISTA AL DIRECTOR DEL \u00c1REA DE TURISMO RURAL.<\/strong>\u00a0El pasado domingo 6 el programa Hombres De Campo que conduce el Cholo G\u00f3mez Casta\u00f1\u00f3n, que se emite por el canal A24 present\u00f3 una entrevista al ng. Ernesto Barrera, Puede verse en\u00a0<a href=\"https:\/\/www.youtube.com\/watch?v=CiTbwv4AmJ4&amp;ab_channel=HombresdeCampo\" target=\"_blank\" rel=\"noreferrer noopener\">http:\/\/www.youtube.com\/watch?v=CiTbwv4AmJ4<\/a><\/p>\n\n\n\n<p><strong>4.- ENTREVISTA EN ESTANCIA DON SILVANO.\u00a0<\/strong>El mismo programa present\u00f3 tambi\u00e9n el caso de un establecimiento rural que desarrolla un turismo masivo con una organizaci\u00f3n profesional. 380 has que de producir s\u00f3lo soja ocupar\u00edan equivalente a 1\/2 trabajador, con el turismo \u00a0rural ocupan 40. Este caso lo present\u00f3 el Lic. Rodrigo Lisiardi de la Estancia Don Silvano <a href=\"https:\/\/www.youtube.com\/watch?v=e0U_KXlUOCI&amp;ab_channel=HombresdeCampo\" target=\"_blank\" rel=\"noreferrer noopener\">http:\/\/www.youtube.com\/watch?v=e0U_KXlUOCI<\/a><\/p>\n","protected":false},"excerpt":{"rendered":"<p>Noticias Breves del \u00c1rea de Turismo Rural Imperdible!. Casos de Turismo Rural. Un seminario que se las trae.&nbsp; Inicia el Curso de Alta Direcci\u00f3n en Turismo Rural.&nbsp;Nuevo Formato Entrevista al Director del \u00c1rea sobre las [&#8230;]<\/p>\n","protected":false},"author":1,"featured_media":0,"comment_status":"closed","ping_status":"closed","sticky":false,"template":"","format":"standard","meta":{"footnotes":""},"categories":[3],"tags":[],"class_list":["post-41","post","type-post","status-publish","format-standard","hentry","category-noticias"],"_links":{"self":[{"href":"https:\/\/ambiental.utp.edu.co\/admin-turismo-sostenible\/wp-json\/wp\/v2\/posts\/41","targetHints":{"allow":["GET"]}}],"collection":[{"href":"https:\/\/ambiental.utp.edu.co\/admin-turismo-sostenible\/wp-json\/wp\/v2\/posts"}],"about":[{"href":"https:\/\/ambiental.utp.edu.co\/admin-turismo-sostenible\/wp-json\/wp\/v2\/types\/post"}],"author":[{"embeddable":true,"href":"https:\/\/ambiental.utp.edu.co\/admin-turismo-sostenible\/wp-json\/wp\/v2\/users\/1"}],"replies":[{"embeddable":true,"href":"https:\/\/ambiental.utp.edu.co\/admin-turismo-sostenible\/wp-json\/wp\/v2\/comments?post=41"}],"version-history":[{"count":3,"href":"https:\/\/ambiental.utp.edu.co\/admin-turismo-sostenible\/wp-json\/wp\/v2\/posts\/41\/revisions"}],"predecessor-version":[{"id":10157,"href":"https:\/\/ambiental.utp.edu.co\/admin-turismo-sostenible\/wp-json\/wp\/v2\/posts\/41\/revisions\/10157"}],"wp:attachment":[{"href":"https:\/\/ambiental.utp.edu.co\/admin-turismo-sostenible\/wp-json\/wp\/v2\/media?parent=41"}],"wp:term":[{"taxonomy":"category","embeddable":true,"href":"https:\/\/ambiental.utp.edu.co\/admin-turismo-sostenible\/wp-json\/wp\/v2\/categories?post=41"},{"taxonomy":"post_tag","embeddable":true,"href":"https:\/\/ambiental.utp.edu.co\/admin-turismo-sostenible\/wp-json\/wp\/v2\/tags?post=41"}],"curies":[{"name":"wp","href":"https:\/\/api.w.org\/{rel}","templated":true}]}}