{"id":31,"date":"2023-04-11T12:02:33","date_gmt":"2023-04-11T17:02:33","guid":{"rendered":"https:\/\/ambiental.utp.edu.co\/admin-turismo-sostenible\/2013\/12\/10\/turismo-y-hoteleria\/"},"modified":"2023-04-14T16:02:55","modified_gmt":"2023-04-14T21:02:55","slug":"hoteleria-y-gastronomia","status":"publish","type":"post","link":"https:\/\/ambiental.utp.edu.co\/admin-turismo-sostenible\/menu\/hoteleria-y-gastronomia\/","title":{"rendered":"Hoteler\u00eda y Gastronom\u00eda"},"content":{"rendered":"\n<p class=\"has-black-color has-text-color\">El programa de <em>Tecnolog\u00eda en Gesti\u00f3n del Turismo Sostenible<\/em>, en s\u00ed mismo, <strong>es un programa de formaci\u00f3n en hoteler\u00eda y gastronom\u00eda<\/strong>. La malla curricular cuenta con diversas asignaturas orientadas a brindar una completa formaci\u00f3n en competencias espec\u00edficas para estas tem\u00e1ticas.<\/p>\n\n\n\n<figure class=\"wp-block-image size-large\"><img loading=\"lazy\" decoding=\"async\" width=\"1024\" height=\"582\" src=\"https:\/\/media2.utp.edu.co\/programas\/28\/asignaturas-en-hoteleria-y-gastronomia-1024x582.jpg\" alt=\"\" class=\"wp-image-10261\" srcset=\"https:\/\/media2.utp.edu.co\/programas\/28\/asignaturas-en-hoteleria-y-gastronomia-1024x582.jpg 1024w, https:\/\/media2.utp.edu.co\/programas\/28\/asignaturas-en-hoteleria-y-gastronomia-300x171.jpg 300w, https:\/\/media2.utp.edu.co\/programas\/28\/asignaturas-en-hoteleria-y-gastronomia-768x437.jpg 768w, https:\/\/media2.utp.edu.co\/programas\/28\/asignaturas-en-hoteleria-y-gastronomia-1536x873.jpg 1536w, https:\/\/media2.utp.edu.co\/programas\/28\/asignaturas-en-hoteleria-y-gastronomia.jpg 1734w\" sizes=\"auto, (max-width: 1024px) 100vw, 1024px\" \/><\/figure>\n\n\n\n<h2 class=\"wp-block-heading\">Competencias profesionales<\/h2>\n\n\n\n<p>Es grupo de asignaturas, unidas de manera sist\u00e9mica a todas las dem\u00e1s que conforman nuestro plan de estudios, le permiten al estudiante obtener un conjunto de competencias que lo habilitan para una vida laboral exitosa, aportando a los sectores de alojamientos y de alimentos y bebidas, propuestas innovadoras para la gesti\u00f3n de sus respectivos servicios tur\u00edsticos.<\/p>\n\n\n\n<h2 class=\"has-vivid-green-cyan-color has-text-color wp-block-heading\">Competencias profesionales desde los CONOCIMIENTOS<\/h2>\n\n\n\n<p>Teniendo presente que la Tecnolog\u00eda en Gesti\u00f3n del Turismo Sostenible, es fundamentalmente un programa de formaci\u00f3n en administraci\u00f3n de empresas, pero enfocado en aquellas ofrecen servicios tur\u00edsticos, Entonces nuestro egresado ser\u00e1 aquel tecn\u00f3logo en administraci\u00f3n que \u00abconoce y aplica los modelos y metodolog\u00edas para gestionar los procesos, procedimientos y protocolos que orientar\u00e1n la prestaci\u00f3n log\u00edstica de los servicios tur\u00edsticos, sean estos, hoteleros, gastron\u00f3micos, de atracci\u00f3n tur\u00edstica y de agencias de viajes y la operatividad con est\u00e1ndares de calidad de las plantas tur\u00edsticas donde se brindar\u00e1n dichos servicios\u00bb <em>(RAP3T)<\/em><\/p>\n\n\n\n<h2 class=\"has-vivid-cyan-blue-color has-text-color wp-block-heading\"><strong>Competencias profesionales desde las <em>HABILIDADES<\/em><\/strong><\/h2>\n\n\n\n<p>Igualmente, nuestro egresado de la tecnolog\u00eda podr\u00e1 desempe\u00f1arse laboralmente en ocupaciones que se requieran de las siguientes competencias (asociadas al <em>RAP3T)<\/em>:<\/p>\n\n\n\n<p>a) Determinar y caracterizar el concepto de servicio que orientar\u00e1 las prestaciones log\u00edsticas que se brindar\u00e1n en las empresas tur\u00edsticas, tomando como referente el arquetipo de la actividad recreacional tur\u00edstica.<\/p>\n\n\n\n<p>b) Seleccionar los modelos de gesti\u00f3n para la prestaci\u00f3n log\u00edstica que se habr\u00e1n de implementar y brindar en las empresas tur\u00edsticas<\/p>\n\n\n\n<p>c) Dise\u00f1ar e implementar la estrategia para la comunicaci\u00f3n organizacional del servicio<\/p>\n\n\n\n<p>d) Dise\u00f1ar y desarrollar la planta tur\u00edstica y sus procesos, procedimientos y protocolos de servucci\u00f3n.<\/p>\n\n\n\n<p>e) Gestionar el despliegue de la prestaci\u00f3n log\u00edstica para cada uno de los servicios implementados en la planta tur\u00edstica<\/p>\n\n\n\n<h2 class=\"has-vivid-purple-color has-text-color wp-block-heading\"><strong>Competencias espec\u00edficas en ALOJAMIENTOS<\/strong><\/h2>\n\n\n\n<p>Nuestro egresado de la tecnolog\u00eda, encontrar\u00e1 como resultado de aprendizaje en su proceso de formaci\u00f3n, que uno de sus perfiles profesionales es el de <strong>Gestor de Servicios de Alojamiento<\/strong>, un perfil profesional inspirado en el ic\u00f3nico Conserje, que en el mundo de la hoteler\u00eda ha sido siempre esa persona  profundamente comprometida en servir a su hu\u00e9sped, buscando su mayor complacencia. Ello implica que podr\u00e1 desempe\u00f1arse en las siguientes ocupaciones: <em>Gestor de la calidad en el servicio<\/em> (Guest Service), <em>Gestor de la Recepci\u00f3n<\/em> (Receptionist), <em>Gestor de Habitaciones<\/em> (Housekeeping &#8211; Ama de llaves), y Gestor Eventos Mice<\/p>\n\n\n\n<p>Algunas competencias espec\u00edficas en las que ser\u00e1 formado son:<\/p>\n\n\n\n<ul class=\"wp-block-list\">\n<li>Organizar los procesos de prestaci\u00f3n de servicios en un establecimiento de alojamiento seg\u00fan la tipolog\u00eda que corresponda y ajustados a conceptos, protocolos y normas ambientales.<\/li>\n\n\n\n<li>Dise\u00f1ar, desarrollar, organizar y controlar operaciones para la prestaci\u00f3n de los servicios de recepci\u00f3n, ama de llaves y auditor\u00eda en diversas tipolog\u00edas de alojamiento.<\/li>\n\n\n\n<li>Aplicar t\u00e9cnicas para la supervisi\u00f3n de la calidad y control de procesos en alojamientos.<\/li>\n\n\n\n<li>Caracterizar tipolog\u00edas de alojamiento, reconociendo sus tradiciones y tendencias arquitect\u00f3nicas y de dise\u00f1o de ambientes y orientadas al rescate y salvaguardia del patrimonio arquitect\u00f3nico<\/li>\n\n\n\n<li>Dise\u00f1ar, desarrollar y operar atractivos de diversas tipolog\u00edas tur\u00edsticas asociados a servicios de alojamiento.<\/li>\n<\/ul>\n\n\n\n<figure class=\"wp-block-image size-large\"><img loading=\"lazy\" decoding=\"async\" width=\"1024\" height=\"576\" src=\"https:\/\/media2.utp.edu.co\/programas\/28\/gestor-servicios-alojamiento-2-1024x576.jpg\" alt=\"\" class=\"wp-image-10344\" srcset=\"https:\/\/media2.utp.edu.co\/programas\/28\/gestor-servicios-alojamiento-2-1024x576.jpg 1024w, https:\/\/media2.utp.edu.co\/programas\/28\/gestor-servicios-alojamiento-2-300x169.jpg 300w, https:\/\/media2.utp.edu.co\/programas\/28\/gestor-servicios-alojamiento-2-768x432.jpg 768w, https:\/\/media2.utp.edu.co\/programas\/28\/gestor-servicios-alojamiento-2-1536x864.jpg 1536w, https:\/\/media2.utp.edu.co\/programas\/28\/gestor-servicios-alojamiento-2.jpg 1920w\" sizes=\"auto, (max-width: 1024px) 100vw, 1024px\" \/><\/figure>\n\n\n\n<h2 class=\"has-luminous-vivid-orange-color has-text-color wp-block-heading\"><strong>Competencias espec\u00edficas en COCINA<\/strong><\/h2>\n\n\n\n<p>Nuestro egresado de la tecnolog\u00eda, encontrar\u00e1 como resultado de aprendizaje en su proceso de formaci\u00f3n, que uno de sus perfiles profesionales es el de <strong>Gestor de Servicios de Gastron\u00f3micos<\/strong>, un perfil profesional inspirado en el ic\u00f3nico <em>Cocinero<\/em>, que muchos asocian tambi\u00e9n a la figura del <em>Chef<\/em>; el cocinero en el mundo de la Gastronom\u00eda ha sido siempre esa persona creativa que logra crear experiencias sensoriales que van mucho m\u00e1s all\u00e1 de saciar el hambre de sus comensales. Nuestro egresado ser\u00e1 un cocinero que investiga para recuperar saberes y sabores tradicionales, tanto t\u00edpicos como ancestrales, recuper\u00e1ndoles y resignific\u00e1ndolos para lograr experiencias memorables en el turista. <\/p>\n\n\n\n<p>Gracias a nuestro <em>Laboratorio Gastron\u00f3mico Sostenible <\/em>y al enfoque de nuestras asignaturas, el egresado podr\u00e1 desempe\u00f1arse en las siguientes ocupaciones: <em>Gestor de cocinas<\/em> (Chef), <em>Gestor de comedores<\/em> (Maitre), <em>Gestor de Tiendas de Caf\u00e9<\/em> (con formaci\u00f3n b\u00e1sica en barismo), Gestor de Panader\u00edas en hoteles.<\/p>\n\n\n\n<p>Algunas competencias espec\u00edficas en las que ser\u00e1 formado son:<\/p>\n\n\n\n<ul class=\"wp-block-list\">\n<li>Organizar servicios gastron\u00f3micos para ser operados como facilidad tur\u00edstica o como atractivo tur\u00edstico.<\/li>\n\n\n\n<li>Supervisar la calidad y controlar los procesos gastron\u00f3micos en empresas gastron\u00f3micas ajustados a est\u00e1ndares y protocolos de calidad en higiene, manipulaci\u00f3n, preparaci\u00f3n y servicio.<\/li>\n\n\n\n<li>Seleccionar y preparar alimentos a partir de experiencias de producci\u00f3n agropecuaria sostenible y utilizando criterios de responsabilidad ambiental.<\/li>\n\n\n\n<li>Rescatar y salvaguardar las Cocinas Tradicionales colombianas<\/li>\n\n\n\n<li>Dise\u00f1ar, desarrollar y operar atractivos de diversas tipolog\u00edas tur\u00edsticas a partir de tem\u00e1ticas gastron\u00f3micas<\/li>\n<\/ul>\n\n\n\n<figure class=\"wp-block-image size-large\"><img loading=\"lazy\" decoding=\"async\" width=\"1024\" height=\"590\" src=\"https:\/\/media2.utp.edu.co\/programas\/28\/gestor-servicios-gastronomia-1024x590.jpg\" alt=\"\" class=\"wp-image-10263\" srcset=\"https:\/\/media2.utp.edu.co\/programas\/28\/gestor-servicios-gastronomia-1024x590.jpg 1024w, https:\/\/media2.utp.edu.co\/programas\/28\/gestor-servicios-gastronomia-300x173.jpg 300w, https:\/\/media2.utp.edu.co\/programas\/28\/gestor-servicios-gastronomia-768x442.jpg 768w, https:\/\/media2.utp.edu.co\/programas\/28\/gestor-servicios-gastronomia-1536x884.jpg 1536w, https:\/\/media2.utp.edu.co\/programas\/28\/gestor-servicios-gastronomia.jpg 1754w\" sizes=\"auto, (max-width: 1024px) 100vw, 1024px\" \/><\/figure>\n\n\n\n<p class=\"has-black-color has-text-color\">El <strong>Laboratorio Gastron\u00f3mico Sostenible<\/strong> es un espacio de aprendizaje pr\u00e1ctico que le permite al estudiante desarrollar competencias profesionales para la preparaci\u00f3n de alimentos y bebidas, al tiempo que se puede insertar en procesos productivos y comerciales (Cocina Catering y Coffee shop). En ese sentido, nuestro laboratorio es una propuesta de <em>Escuela Cocina<\/em> porque no solo brinda espacios de aprendizaje te\u00f3rico-pr\u00e1cticos, sino que facilita la inserci\u00f3n de los estudiantes en experiencias pr\u00e1cticas de la vida real. Se encuentra ubicado en el moderno edificio 16-C, en el primer piso.<\/p>\n\n\n\n<figure class=\"wp-block-image size-large\"><img loading=\"lazy\" decoding=\"async\" width=\"1024\" height=\"588\" src=\"https:\/\/media2.utp.edu.co\/programas\/28\/cocina-planos-1024x588.jpg\" alt=\"\" class=\"wp-image-10260\" srcset=\"https:\/\/media2.utp.edu.co\/programas\/28\/cocina-planos-1024x588.jpg 1024w, https:\/\/media2.utp.edu.co\/programas\/28\/cocina-planos-300x172.jpg 300w, https:\/\/media2.utp.edu.co\/programas\/28\/cocina-planos-768x441.jpg 768w, https:\/\/media2.utp.edu.co\/programas\/28\/cocina-planos-1536x882.jpg 1536w, https:\/\/media2.utp.edu.co\/programas\/28\/cocina-planos.jpg 1718w\" sizes=\"auto, (max-width: 1024px) 100vw, 1024px\" \/><figcaption class=\"wp-element-caption\">1 &#8211; Aula de barismo y laboratorio de calidad para caf\u00e9s <br>2 &#8211; Laboratorio de Torrefacci\u00f3n de Caf\u00e9 <br>3 &#8211; Laboratorio de la Revelaci\u00f3n (Coffee shop) <br>4 &#8211; Aula de reposter\u00eda <br>5 &#8211;  Cocina demo <br>6 &#8211; Cocina Catering<\/figcaption><\/figure>\n\n\n\n<p><a rel=\"noreferrer noopener\" href=\"https:\/\/www.instagram.com\/reel\/ClZ2TcDucO-\/?utm_source=ig_web_copy_link\" target=\"_blank\">https:\/\/www.instagram.com\/reel\/ClZ2TcDucO-\/?utm_source=ig_web_copy_link<\/a><img loading=\"lazy\" decoding=\"async\" width=\"448\" height=\"834\" class=\"wp-image-10326\" style=\"width: 150px\" src=\"https:\/\/media2.utp.edu.co\/programas\/28\/cristian.jpg\" alt=\"\" srcset=\"https:\/\/media2.utp.edu.co\/programas\/28\/cristian.jpg 448w, https:\/\/media2.utp.edu.co\/programas\/28\/cristian-161x300.jpg 161w\" sizes=\"auto, (max-width: 448px) 100vw, 448px\" \/><\/p>\n\n\n\n<p><\/p>\n\n\n\n<pre class=\"wp-block-code\"><code><img loading=\"lazy\" decoding=\"async\" width=\"448\" height=\"796\" class=\"wp-image-10328\" style=\"width: 150px\" src=\"https:\/\/media2.utp.edu.co\/programas\/28\/daniel.jpg\" alt=\"\" srcset=\"https:\/\/media2.utp.edu.co\/programas\/28\/daniel.jpg 448w, https:\/\/media2.utp.edu.co\/programas\/28\/daniel-169x300.jpg 169w\" sizes=\"auto, (max-width: 448px) 100vw, 448px\" \/><a href=\"https:\/\/www.instagram.com\/reel\/Cksxu8Krs7h\/?utm_source=ig_web_copy_link\" target=\"_blank\" rel=\"noreferrer noopener\">https:\/\/www.instagram.com\/reel\/Cksxu8Krs7h\/?utm_source=ig_web_copy_link<\/a><\/code><\/pre>\n\n\n\n<p><\/p>\n","protected":false},"excerpt":{"rendered":"<p>El programa de Tecnolog\u00eda en Gesti\u00f3n del Turismo Sostenible, en s\u00ed mismo, es un programa de formaci\u00f3n en hoteler\u00eda y gastronom\u00eda. La malla curricular cuenta con diversas asignaturas orientadas a brindar una completa formaci\u00f3n en [&#8230;]<\/p>\n","protected":false},"author":72,"featured_media":0,"comment_status":"closed","ping_status":"closed","sticky":false,"template":"","format":"standard","meta":{"footnotes":""},"categories":[12,8],"tags":[],"class_list":["post-31","post","type-post","status-publish","format-standard","hentry","category-lineas-de-produndizacion","category-menu"],"_links":{"self":[{"href":"https:\/\/ambiental.utp.edu.co\/admin-turismo-sostenible\/wp-json\/wp\/v2\/posts\/31","targetHints":{"allow":["GET"]}}],"collection":[{"href":"https:\/\/ambiental.utp.edu.co\/admin-turismo-sostenible\/wp-json\/wp\/v2\/posts"}],"about":[{"href":"https:\/\/ambiental.utp.edu.co\/admin-turismo-sostenible\/wp-json\/wp\/v2\/types\/post"}],"author":[{"embeddable":true,"href":"https:\/\/ambiental.utp.edu.co\/admin-turismo-sostenible\/wp-json\/wp\/v2\/users\/72"}],"replies":[{"embeddable":true,"href":"https:\/\/ambiental.utp.edu.co\/admin-turismo-sostenible\/wp-json\/wp\/v2\/comments?post=31"}],"version-history":[{"count":15,"href":"https:\/\/ambiental.utp.edu.co\/admin-turismo-sostenible\/wp-json\/wp\/v2\/posts\/31\/revisions"}],"predecessor-version":[{"id":10345,"href":"https:\/\/ambiental.utp.edu.co\/admin-turismo-sostenible\/wp-json\/wp\/v2\/posts\/31\/revisions\/10345"}],"wp:attachment":[{"href":"https:\/\/ambiental.utp.edu.co\/admin-turismo-sostenible\/wp-json\/wp\/v2\/media?parent=31"}],"wp:term":[{"taxonomy":"category","embeddable":true,"href":"https:\/\/ambiental.utp.edu.co\/admin-turismo-sostenible\/wp-json\/wp\/v2\/categories?post=31"},{"taxonomy":"post_tag","embeddable":true,"href":"https:\/\/ambiental.utp.edu.co\/admin-turismo-sostenible\/wp-json\/wp\/v2\/tags?post=31"}],"curies":[{"name":"wp","href":"https:\/\/api.w.org\/{rel}","templated":true}]}}