{"id":171,"date":"2016-05-13T13:02:40","date_gmt":"2016-05-13T18:02:40","guid":{"rendered":"https:\/\/ambiental.utp.edu.co\/admin-turismo-sostenible\/2016\/05\/13\/leadertour-liderazgo-turismo-y-juventud\/"},"modified":"2022-09-02T17:15:00","modified_gmt":"2022-09-02T22:15:00","slug":"leadertour-liderazgo-turismo-y-juventud","status":"publish","type":"post","link":"https:\/\/ambiental.utp.edu.co\/admin-turismo-sostenible\/menu\/noticias\/leadertour-liderazgo-turismo-y-juventud\/","title":{"rendered":"LEADERTOUR: Liderazgo, Turismo y Juventud"},"content":{"rendered":"<div class=\"wp-block-image\">\n<figure class=\"aligncenter\"><img decoding=\"async\" src=\"https:\/\/media2.utp.edu.co\/programas\/28\/97b092fa-b833-4ef3-8fa7-7863d1ac625d.jpg\" alt=\"\"\/><\/figure>\n<\/div>\n\n\n<p>Buenos d\u00edas,<\/p>\n\n\n\n<p>De antemano reciba cordial saludo.<\/p>\n\n\n\n<p>Tenemos el gusto de compartir con ustedes informaci\u00f3n detallada del evento&nbsp;\u00abLEADERTOUR: Liderazgo, Turismo y Juventud\u00bb&nbsp;esperando que se pueda replicar con todas aquellas personas a quienes les pueda ser de inter\u00e9s.<\/p>\n\n\n\n<p><strong>LEADERTOUR<\/strong>&nbsp;es el primer evento local de Liderazgo, Turismo y Juventud, que se realizar\u00e1 en el marco de una nueva alianza entre AIESEC Manizales y COTELCO JOVEN Comit\u00e9 Regional Caldas.&nbsp;<\/p>\n\n\n\n<p>Estar\u00e1 dirigido especialmente a personas de esp\u00edritu j\u00f3ven, que se&nbsp;encuentran&nbsp;ansiosos por adquirir una&nbsp;nueva mirada frente a el liderazgo y el turismo como elementos importantes para su desarrollo personal y profesional.<\/p>\n\n\n\n<p>&#8211;&nbsp;Preinscripci\u00f3n<\/p>\n\n\n\n<p>&nbsp; Se puede realizar en la p\u00e1gina de facebook a trav\u00e9s de la pesta\u00f1a \u00abREGISTRARTE\u00bb o ingresar directamente al formulario de inscripci\u00f3n dando click en el siguiente link:&nbsp;<a href=\"https:\/\/podio.com\/webforms\/15666395\/1050186\" rel=\"external noopener noreferrer\" target=\"_blank\">https:\/\/podio.com\/webforms\/15666395\/1050186<\/a><\/p>\n\n\n\n<p>&#8211; Valor&nbsp;Bono de ayuda:<\/p>\n\n\n\n<p>&nbsp; &nbsp; &nbsp; $10.000 &nbsp; &nbsp;Afiliados COTELCO JOVEN o AIESEC<\/p>\n\n\n\n<p>&nbsp; &nbsp; &nbsp; $15.000 &nbsp; &nbsp;Estudiantes<\/p>\n\n\n\n<p>&nbsp; &nbsp; &nbsp; $30.000 &nbsp; &nbsp;Otros<\/p>\n\n\n\n<p>&#8211; Certificaci\u00f3n<\/p>\n\n\n\n<p>&nbsp; &nbsp; &nbsp; Avalada por AIESEC, COTELCO JOVEN y la Alcald\u00eda a trav\u00e9s de su oficina de infancia, adolescencia y juventud.<\/p>\n\n\n\n<p>Ante dudas e inquietudes:<\/p>\n\n\n\n<p>&nbsp; &nbsp; &nbsp;P\u00e1gina oficial en facebook:&nbsp;<a href=\"https:\/\/www.facebook.com\/leadertourltj\/\" rel=\"external noopener noreferrer\" target=\"_blank\">https:\/\/www.facebook.com\/leadertourltj\/<\/a><\/p>\n\n\n\n<p>&nbsp; &nbsp; &nbsp;Instagram:&nbsp;@Leadertourmanizales&nbsp;<\/p>\n\n\n\n<p>&nbsp; &nbsp; &nbsp;Correo electr\u00f3nico:&nbsp;<a href=\"mailto:leadertourltj@gmail.com\" rel=\"external noopener noreferrer\" target=\"_blank\">leadertourltj@gmail.com<\/a>&nbsp;<\/p>\n\n\n\n<p><strong>NOTA.<\/strong><\/p>\n\n\n\n<p>Importante tener en cuenta las fechas l\u00edmite especificadas en el documento adjunto para cada paso del proceso de inscripci\u00f3n.<\/p>\n\n\n\n<p>\u00a1 Esperamos contar con su valiosa presencia !<\/p>\n\n\n\n<p>Cordialmente,<\/p>\n\n\n\n<p><strong>SANDY NATALIA OCAMPO C.<\/strong><\/p>\n\n\n\n<p>Coordinadora de afiliaciones y comunicaciones<\/p>\n\n\n\n<p>COTELCO JOVEN<\/p>\n\n\n\n<p>Comit\u00e9 Regional Caldas<\/p>\n","protected":false},"excerpt":{"rendered":"<p>Buenos d\u00edas, De antemano reciba cordial saludo. Tenemos el gusto de compartir con ustedes informaci\u00f3n detallada del evento&nbsp;\u00abLEADERTOUR: Liderazgo, Turismo y Juventud\u00bb&nbsp;esperando que se pueda replicar con todas aquellas personas a quienes les pueda ser [&#8230;]<\/p>\n","protected":false},"author":1,"featured_media":10006,"comment_status":"closed","ping_status":"closed","sticky":false,"template":"","format":"standard","meta":{"footnotes":""},"categories":[3],"tags":[],"class_list":["post-171","post","type-post","status-publish","format-standard","has-post-thumbnail","hentry","category-noticias"],"_links":{"self":[{"href":"https:\/\/ambiental.utp.edu.co\/admin-turismo-sostenible\/wp-json\/wp\/v2\/posts\/171","targetHints":{"allow":["GET"]}}],"collection":[{"href":"https:\/\/ambiental.utp.edu.co\/admin-turismo-sostenible\/wp-json\/wp\/v2\/posts"}],"about":[{"href":"https:\/\/ambiental.utp.edu.co\/admin-turismo-sostenible\/wp-json\/wp\/v2\/types\/post"}],"author":[{"embeddable":true,"href":"https:\/\/ambiental.utp.edu.co\/admin-turismo-sostenible\/wp-json\/wp\/v2\/users\/1"}],"replies":[{"embeddable":true,"href":"https:\/\/ambiental.utp.edu.co\/admin-turismo-sostenible\/wp-json\/wp\/v2\/comments?post=171"}],"version-history":[{"count":2,"href":"https:\/\/ambiental.utp.edu.co\/admin-turismo-sostenible\/wp-json\/wp\/v2\/posts\/171\/revisions"}],"predecessor-version":[{"id":10142,"href":"https:\/\/ambiental.utp.edu.co\/admin-turismo-sostenible\/wp-json\/wp\/v2\/posts\/171\/revisions\/10142"}],"wp:featuredmedia":[{"embeddable":true,"href":"https:\/\/ambiental.utp.edu.co\/admin-turismo-sostenible\/wp-json\/wp\/v2\/media\/10006"}],"wp:attachment":[{"href":"https:\/\/ambiental.utp.edu.co\/admin-turismo-sostenible\/wp-json\/wp\/v2\/media?parent=171"}],"wp:term":[{"taxonomy":"category","embeddable":true,"href":"https:\/\/ambiental.utp.edu.co\/admin-turismo-sostenible\/wp-json\/wp\/v2\/categories?post=171"},{"taxonomy":"post_tag","embeddable":true,"href":"https:\/\/ambiental.utp.edu.co\/admin-turismo-sostenible\/wp-json\/wp\/v2\/tags?post=171"}],"curies":[{"name":"wp","href":"https:\/\/api.w.org\/{rel}","templated":true}]}}