{"id":13,"date":"2023-04-13T16:05:28","date_gmt":"2023-04-13T21:05:28","guid":{"rendered":"https:\/\/ambiental.utp.edu.co\/admin-turismo-sostenible\/2013\/12\/10\/perfil-de-formacion\/"},"modified":"2023-04-16T21:21:56","modified_gmt":"2023-04-17T02:21:56","slug":"programa-unico-original","status":"publish","type":"post","link":"https:\/\/ambiental.utp.edu.co\/admin-turismo-sostenible\/menu\/programa-unico-original\/","title":{"rendered":"UN PROGRAMA \u00daNICO Y ORIGINAL"},"content":{"rendered":"\n<h2 class=\"wp-block-heading\">PROYECTOS PROBLEMATIZADORES Y N\u00daCLEOS TEM\u00c1TICOS<\/h2>\n\n\n\n<p>Nuestro proceso de ense\u00f1anza est\u00e1 centrado en la formaci\u00f3n por proyectos, y por eso cada semestre, los docentes de un grupo proponen a los estudiantes un proyecto problematizador, liderado por el docente de la asignatura n\u00facleo. Dicho problema integra los conocimientos que se imparten en cada asignatura, de cara a situaciones de la realidad sectorial, en sus territorios.<\/p>\n\n\n\n<figure class=\"wp-block-image size-large\"><img loading=\"lazy\" decoding=\"async\" width=\"1024\" height=\"559\" src=\"https:\/\/media2.utp.edu.co\/programas\/28\/resultados-semestre-esquema-1-1024x559.jpg\" alt=\"\" class=\"wp-image-10351\" srcset=\"https:\/\/media2.utp.edu.co\/programas\/28\/resultados-semestre-esquema-1-1024x559.jpg 1024w, https:\/\/media2.utp.edu.co\/programas\/28\/resultados-semestre-esquema-1-300x164.jpg 300w, https:\/\/media2.utp.edu.co\/programas\/28\/resultados-semestre-esquema-1-768x419.jpg 768w, https:\/\/media2.utp.edu.co\/programas\/28\/resultados-semestre-esquema-1.jpg 1202w\" sizes=\"auto, (max-width: 1024px) 100vw, 1024px\" \/><\/figure>\n\n\n\n<p>Seg\u00fan el semestre, se ofrecen varios tipos de proyectos problematizadores, entre ellos, los asociados a <strong>salidas de campo<\/strong>, a <strong>planes de mejoramiento de destino<\/strong>, a <strong>Planes de Desarrollo Tur\u00edstico<\/strong>, a <strong>proyectos de Emprendimiento Empresarial<\/strong> y tambi\u00e9n a las <strong>Rotaciones en las Escuelas de Aprendizaje Pr\u00e1ctico<\/strong>. Particularmente, estas \u00faltimas se presentan y explican en el siguiente video.<\/p>\n\n\n\n<h2 class=\"wp-block-heading\">Las ROTACIONES como proyecto problematizador y opci\u00f3n de trabajo de grado<\/h2>\n\n\n\n<pre class=\"wp-block-code\"><code><img loading=\"lazy\" decoding=\"async\" width=\"1423\" height=\"880\" class=\"wp-image-10348\" style=\"width: 300px\" src=\"https:\/\/media2.utp.edu.co\/programas\/28\/video-rotaciones.png\" alt=\"\" srcset=\"https:\/\/media2.utp.edu.co\/programas\/28\/video-rotaciones.png 1423w, https:\/\/media2.utp.edu.co\/programas\/28\/video-rotaciones-300x186.png 300w, https:\/\/media2.utp.edu.co\/programas\/28\/video-rotaciones-1024x633.png 1024w, https:\/\/media2.utp.edu.co\/programas\/28\/video-rotaciones-768x475.png 768w\" sizes=\"auto, (max-width: 1423px) 100vw, 1423px\" \/>\nLas Rotaciones y su propuesta formativa\n<a rel=\"noreferrer noopener\" href=\"https:\/\/youtu.be\/kWUTJBcvlPo\" target=\"_blank\">https:\/\/youtu.be\/kWUTJBcvlPo<\/a><\/code><\/pre>\n\n\n\n<pre class=\"wp-block-code\"><code><img loading=\"lazy\" decoding=\"async\" width=\"1140\" height=\"603\" class=\"wp-image-10355\" style=\"width: 300px\" src=\"https:\/\/media2.utp.edu.co\/programas\/28\/rotaciones-en-agencias.png\" alt=\"\" srcset=\"https:\/\/media2.utp.edu.co\/programas\/28\/rotaciones-en-agencias.png 1140w, https:\/\/media2.utp.edu.co\/programas\/28\/rotaciones-en-agencias-300x159.png 300w, https:\/\/media2.utp.edu.co\/programas\/28\/rotaciones-en-agencias-1024x542.png 1024w, https:\/\/media2.utp.edu.co\/programas\/28\/rotaciones-en-agencias-768x406.png 768w\" sizes=\"auto, (max-width: 1140px) 100vw, 1140px\" \/>\nLas Rotaciones en la Escuela Agencia\n<a rel=\"noreferrer noopener\" href=\"https:\/\/youtu.be\/gC4NGbALISw\" target=\"_blank\">https:\/\/youtu.be\/gC4NGbALISw<\/a><\/code><\/pre>\n\n\n\n<h2 class=\"wp-block-heading\">15 A\u00d1OS, LOGROS EN LA GESTI\u00d3N ACAD\u00c9MICA<\/h2>\n\n\n\n<p>En la siguiente infograf\u00eda interactiva, podr\u00e1 conocer de manera concisa y clara los logros m\u00e1s significativos durante estos quince a\u00f1os de gesti\u00f3n acad\u00e9mica e investigativa.<\/p>\n\n\n\n<pre class=\"wp-block-code\"><code> <img loading=\"lazy\" decoding=\"async\" width=\"836\" height=\"420\" class=\"wp-image-10336\" style=\"width: 300px\" src=\"https:\/\/media2.utp.edu.co\/programas\/28\/infografia.png\" alt=\"\" srcset=\"https:\/\/media2.utp.edu.co\/programas\/28\/infografia.png 836w, https:\/\/media2.utp.edu.co\/programas\/28\/infografia-300x151.png 300w, https:\/\/media2.utp.edu.co\/programas\/28\/infografia-768x386.png 768w\" sizes=\"auto, (max-width: 836px) 100vw, 836px\" \/> \n<a href=\"https:\/\/view.genial.ly\/636ea784c8b76b0011581e22\/interactive-content-infografia-programas-turismo-sostenible\" data-type=\"URL\" data-id=\"https:\/\/view.genial.ly\/636ea784c8b76b0011581e22\/interactive-content-infografia-programas-turismo-sostenible\" target=\"_blank\" rel=\"noreferrer noopener\">https:\/\/view.genial.ly\/636ea784c8b76b0011581e22\/interactive-content-infografia-programas-turismo-sostenible<\/a><\/code><\/pre>\n","protected":false},"excerpt":{"rendered":"<p>PROYECTOS PROBLEMATIZADORES Y N\u00daCLEOS TEM\u00c1TICOS Nuestro proceso de ense\u00f1anza est\u00e1 centrado en la formaci\u00f3n por proyectos, y por eso cada semestre, los docentes de un grupo proponen a los estudiantes un proyecto problematizador, liderado por [&#8230;]<\/p>\n","protected":false},"author":72,"featured_media":0,"comment_status":"closed","ping_status":"closed","sticky":false,"template":"","format":"standard","meta":{"footnotes":""},"categories":[10,8],"tags":[],"class_list":["post-13","post","type-post","status-publish","format-standard","hentry","category-informacion-general","category-menu"],"_links":{"self":[{"href":"https:\/\/ambiental.utp.edu.co\/admin-turismo-sostenible\/wp-json\/wp\/v2\/posts\/13","targetHints":{"allow":["GET"]}}],"collection":[{"href":"https:\/\/ambiental.utp.edu.co\/admin-turismo-sostenible\/wp-json\/wp\/v2\/posts"}],"about":[{"href":"https:\/\/ambiental.utp.edu.co\/admin-turismo-sostenible\/wp-json\/wp\/v2\/types\/post"}],"author":[{"embeddable":true,"href":"https:\/\/ambiental.utp.edu.co\/admin-turismo-sostenible\/wp-json\/wp\/v2\/users\/72"}],"replies":[{"embeddable":true,"href":"https:\/\/ambiental.utp.edu.co\/admin-turismo-sostenible\/wp-json\/wp\/v2\/comments?post=13"}],"version-history":[{"count":22,"href":"https:\/\/ambiental.utp.edu.co\/admin-turismo-sostenible\/wp-json\/wp\/v2\/posts\/13\/revisions"}],"predecessor-version":[{"id":10357,"href":"https:\/\/ambiental.utp.edu.co\/admin-turismo-sostenible\/wp-json\/wp\/v2\/posts\/13\/revisions\/10357"}],"wp:attachment":[{"href":"https:\/\/ambiental.utp.edu.co\/admin-turismo-sostenible\/wp-json\/wp\/v2\/media?parent=13"}],"wp:term":[{"taxonomy":"category","embeddable":true,"href":"https:\/\/ambiental.utp.edu.co\/admin-turismo-sostenible\/wp-json\/wp\/v2\/categories?post=13"},{"taxonomy":"post_tag","embeddable":true,"href":"https:\/\/ambiental.utp.edu.co\/admin-turismo-sostenible\/wp-json\/wp\/v2\/tags?post=13"}],"curies":[{"name":"wp","href":"https:\/\/api.w.org\/{rel}","templated":true}]}}