{"id":11,"date":"2013-12-10T16:00:26","date_gmt":"2013-12-10T21:00:26","guid":{"rendered":"https:\/\/ambiental.utp.edu.co\/admin-turismo-sostenible\/2013\/12\/10\/modelo-pedagogico\/"},"modified":"2023-06-02T09:48:16","modified_gmt":"2023-06-02T14:48:16","slug":"modelo-pedagogico","status":"publish","type":"post","link":"https:\/\/ambiental.utp.edu.co\/admin-turismo-sostenible\/menu\/modelo-pedagogico\/","title":{"rendered":"Estudiar turismo, un viaje para la vida"},"content":{"rendered":"\n<p>Hay quienes optamos por el turismo como opci\u00f3n de vida, personal y laboral, porque anhel\u00e1bamos una vida llena de sentido. Si, una vida <strong><em>con sentido<\/em><\/strong>, porque nos gu\u00eda el anhelo de vivir la libertad que brinda un viaje, esa que nos lleva a explorar territorios, a reconocer culturas, a compartir con la comunidad local, a interactuar con otros viajeros. Ser profesional del turismo, es optar por una opci\u00f3n de vida ligada a los viajes, aquellos que nos permiten ejercer profesionalmente, pero que tambi\u00e9n nos permiten trascender en esta vida.<\/p>\n\n\n\n<p>Optar por el turismo como elecci\u00f3n profesional, es poner de manifiesto esa pasi\u00f3n por el servicio hacia los dem\u00e1s, es m\u00e1s, es demostrar que los viajes son para <strong><em>consentir<\/em><\/strong> a las personas. Los viajes no son solamente una actividad econ\u00f3mica, son tambi\u00e9n una necesidad social que debe ser satisfecha. La humanidad ha viajado a lo largo de toda la historia, pero desde hace poco menos de un siglo, los viajes son una alternativa para cumplir socialmente con un derecho humano universal, porque todos tenemos derecho a disfrutar nuestro tiempo libre de manera aut\u00f3noma. Y para ello la sociedad necesita profesionales que ayuden a satisfacer esa necesidad social, brindando los servicios que todos requerimos cuando viajamos.<\/p>\n\n\n\n<p>As\u00ed entendemos y asumimos el proceso de formaci\u00f3n en Turismo en nuestro programa de formaci\u00f3n. Y as\u00ed deseamos que usted lo asuma cuando inicie el proceso de formaci\u00f3n con nosotros. Lo nuestro es un proceso de formaci\u00f3n <strong><em>con sentido<\/em><\/strong> y <strong><em>para consentir<\/em><\/strong>.<\/p>\n\n\n\n<p><strong><em>Nuestro programa de formaci\u00f3n es \u00fanico y aut\u00e9ntico<\/em><\/strong>. No existe otra oferta de formaci\u00f3n en turismo que est\u00e9 enmarcada en el pensamiento propio del desarrollo sostenible, y que se preocupe por estudiar a la comunidad como la anfitriona y al turista como una persona que viaja buscando vivencias. S\u00ed, somos un programa de administraci\u00f3n y buscamos la excelencia acad\u00e9mica en ese componente, pero nuestro abordaje did\u00e1ctico permite que entremos en contacto con los territorios y que los viajes en las salidas de campo, sean la oportunidad pedag\u00f3gica para lograr una formaci\u00f3n integral.<\/p>\n\n\n\n<figure class=\"wp-block-embed is-type-video is-provider-youtube wp-block-embed-youtube wp-embed-aspect-16-9 wp-has-aspect-ratio\"><div class=\"wp-block-embed__wrapper\">\n<iframe loading=\"lazy\" title=\"Cinco razones estudiar Turismo en la UTP\" width=\"500\" height=\"281\" src=\"https:\/\/www.youtube.com\/embed\/Mfzu3avzqGo?feature=oembed\" frameborder=\"0\" allow=\"accelerometer; autoplay; clipboard-write; encrypted-media; gyroscope; picture-in-picture; web-share\" referrerpolicy=\"strict-origin-when-cross-origin\" allowfullscreen><\/iframe>\n<\/div><figcaption class=\"wp-element-caption\">Cinco razones para estudiar Turismo Sostenible en la UTP<\/figcaption><\/figure>\n\n\n\n<h2 class=\"wp-block-heading\">\n<strong>\u00bfES EL PROGRAMA DE TURISMO UNA CARRERA DE ADMINISTRACI\u00d3N?<\/strong><\/h2>\n\n\n\n<p>S\u00ed. Quien estudia una carrera de turismo debe tener claro que en realidad&nbsp;<strong>est\u00e1 estudiando una carrera de administraci\u00f3n de empresas<\/strong>&nbsp;y as\u00ed las clasifica el Ministerio de Educaci\u00f3n Nacional. Por eso usted encontrar\u00e1 asignaturas relacionadas con fundamentaci\u00f3n administrativa, procesos y operaciones, mercadeo, manejo de personal, planificaci\u00f3n, contabilidad y finanzas, entre otras. La diferencia est\u00e1 en que usted estudiar\u00e1 todo lo relacionado con la administraci\u00f3n, pero enfocado hacia la administraci\u00f3n de empresas de servicios, particularmente los servicios tur\u00edsticos. <\/p>\n\n\n\n<p>En t\u00e9rminos generales, las empresas tur\u00edsticas son las siguientes:  alojamientos, restaurantes, agencias de viajes, atracciones tur\u00edsticas, transportes de pasajero, entre otras. Precisamente, los nombres de cada ciclo est\u00e1n determinados seg\u00fan el nivel de competencias administrativas a obtener; en el ciclo tecnol\u00f3gico estudiar\u00e1 los aspectos administrativos en el nivel de gesti\u00f3n, desde los procesos para la prestaci\u00f3n de servicios (procesos, procedimientos, protocolos), y el ciclo profesional los aspectos administrativos, para la gerencia de empresas tur\u00edsticas y para la planificaci\u00f3n territorial, sectorial y gremial, la investigaci\u00f3n tur\u00edstica.<\/p>\n\n\n\n<p><img loading=\"lazy\" decoding=\"async\" width=\"410\" height=\"728\" class=\"wp-image-10281\" style=\"width: 150px\" src=\"https:\/\/media2.utp.edu.co\/programas\/28\/luisa-ramirez.jpg\" alt=\"\" srcset=\"https:\/\/media2.utp.edu.co\/programas\/28\/luisa-ramirez.jpg 410w, https:\/\/media2.utp.edu.co\/programas\/28\/luisa-ramirez-169x300.jpg 169w\" sizes=\"auto, (max-width: 410px) 100vw, 410px\" \/>  <a rel=\"noreferrer noopener\" href=\"https:\/\/www.instagram.com\/reel\/CljhpaIMDYc\/?utm_source=ig_web_copy_link\" target=\"_blank\">https:\/\/www.instagram.com\/reel\/CljhpaIMDYc\/?utm_source=ig_web_copy_link<\/a><\/p>\n\n\n\n<p> <strong>\u00bfQU\u00c9 DIFERENCIA HAY CON LA ADMINISTRACI\u00d3N HOTELERA U OTRAS SIMILARES?<\/strong><\/p>\n\n\n\n<p>Esta carrera contiene en su dise\u00f1o curricular a las carreras tur\u00edsticas convencionales, como lo es la hoteler\u00eda y turismo, o turismo y agencias de viajes, o gastronom\u00eda. Basta con detallar el plan de estudios para observar&nbsp;que formamos para tales competencias. En este men\u00fa, encontrar\u00e1 informaci\u00f3n m\u00e1s detallada sobre este aspecto.<\/p>\n\n\n\n<pre class=\"wp-block-code\"><code><img loading=\"lazy\" decoding=\"async\" width=\"450\" height=\"798\" class=\"wp-image-10283\" style=\"width: 150px\" src=\"https:\/\/media2.utp.edu.co\/programas\/28\/cocinando.jpg\" alt=\"\" srcset=\"https:\/\/media2.utp.edu.co\/programas\/28\/cocinando.jpg 450w, https:\/\/media2.utp.edu.co\/programas\/28\/cocinando-169x300.jpg 169w\" sizes=\"auto, (max-width: 450px) 100vw, 450px\" \/> <a href=\"https:\/\/www.instagram.com\/reel\/Cke_oQLjhcT\/?utm_source=ig_web_copy_link\" target=\"_blank\" rel=\"noreferrer noopener\">https:\/\/www.instagram.com\/reel\/Cke_oQLjhcT\/?utm_source=ig_web_copy_link<\/a><\/code><\/pre>\n\n\n\n<h2 class=\"wp-block-heading\">\n<strong>\u00bfPOR QU\u00c9 HABLAR DE TURISMO SOSTENIBLE?<\/strong><\/h2>\n\n\n\n<p>Es interesante tener presente que, adem\u00e1s de la formaci\u00f3n administrativa, el estudiante fundamentar\u00e1 su formaci\u00f3n tur\u00edstica nutri\u00e9ndose de las ciencias ambientales (biolog\u00eda, administraci\u00f3n ambiental, geograf\u00eda, etc.) y de las ciencias humanas (antropolog\u00eda, comunicaci\u00f3n, sociolog\u00eda, arquitectura, etc.) desarrollando de esta manera un perfil profesional verdaderamente integral, y fundamentado en el paradigma del desarrollo sostenible.<\/p>\n\n\n\n<p>Reconocemos al turismo como algo m\u00e1s que un hecho social generador de din\u00e1micas econ\u00f3micas sectoriales que configuran la&nbsp;Industria de los Viajes&nbsp;(hoteles, restaurantes, agencias, transportes, etc.),&nbsp;pues lo estudiamos tambi\u00e9n en el marco de las&nbsp;Industrias del Entretenimiento, incluso m\u00e1s all\u00e1 de la recreaci\u00f3n y descanso (estudiamos los viajes por motivos religiosos, educativos, naturalistas, de salud, culturales, etc.), pero tambi\u00e9n estudiamos al turismo como&nbsp;Industria Cultural, a pesar de que a\u00fan no sea reconocida como tal, pero entendemos que el turismo tiene inmensas posibilidades de contribuir a la conservaci\u00f3n y protecci\u00f3n del patrimonio natural y cultural de las naciones, ayudando a divulgar el conocimiento y la identidad de cada cual, educando a los viajeros en la importancia de asumir el desarrollo sostenible como el paradigma que oriente nuestras vidas y a nuestras actividades cotidianas de cualquier \u00edndole, contribuyendo con ello a generar conciencia cr\u00edtica en las generaciones actuales para asegurar las condiciones de vida de las futuras generaciones.<\/p>\n\n\n\n<pre class=\"wp-block-code\"><code><img loading=\"lazy\" decoding=\"async\" width=\"1194\" height=\"658\" class=\"wp-image-10290\" style=\"width: 400px\" src=\"https:\/\/media2.utp.edu.co\/programas\/28\/carolina.jpg\" alt=\"\" srcset=\"https:\/\/media2.utp.edu.co\/programas\/28\/carolina.jpg 1194w, https:\/\/media2.utp.edu.co\/programas\/28\/carolina-300x165.jpg 300w, https:\/\/media2.utp.edu.co\/programas\/28\/carolina-1024x564.jpg 1024w, https:\/\/media2.utp.edu.co\/programas\/28\/carolina-768x423.jpg 768w\" sizes=\"auto, (max-width: 1194px) 100vw, 1194px\" \/><a href=\"https:\/\/fb.watch\/jTTUIAdC2J\/\" target=\"_blank\" rel=\"noreferrer noopener\">https:\/\/fb.watch\/jTTUIAdC2J\/<\/a><\/code><\/pre>\n\n\n\n<h2 class=\"wp-block-heading\"> <strong>\u00bfCU\u00c1NTO VALE EL SEMESTRE?&nbsp;LA TECNOLOG\u00cdA SI EST\u00c1 SUBSIDIADA<\/strong><\/h2>\n\n\n\n<p class=\"has-vivid-purple-color has-text-color\">Para el ciclo <strong><em>TECNOL\u00d3GICO <\/em><\/strong>aplica el modelo de <strong><em>r\u00e9gimen subsidiado<\/em><\/strong>, es decir, le costar\u00e1 lo mismo que cualquier programa diurno de la universidad, sin embargo, este se orienta en la franja nocturna. El valor de su matr\u00edcula depender\u00e1 de la declaraci\u00f3n que usted realice al momento de inscribirse. Para determinar el valor, la Universidad tienen en cuenta el t\u00edtulo de bachiller (si es de colegio p\u00fablico o privado) y el estrato del recibo de los servicios p\u00fablicos que presente.<\/p>\n\n\n\n<p class=\"has-black-color has-text-color\">Para el ciclo profesional aplica el modelo de jornada especial, para el cual se paga el valor de tres salarios m\u00ednimos mensuales vigentes. La gran mayor\u00eda de nuestros estudiantes en el ciclo profesional ya se ha ubicado laboralmente gracias al t\u00edtulo de tecn\u00f3logo y por ello han podido asumir el costo del semestre profesional.<\/p>\n\n\n\n<h2 class=\"wp-block-heading\"> <strong>\u00bfEN&nbsp;QU\u00c9&nbsp;HORARIOS SE ESTUDIA?<\/strong><\/h2>\n\n\n\n<p>Esta es una carrera&nbsp;<em>nocturna y sabatina<\/em>. Cada uno de los ciclos se estudia en las instalaciones de la UTP de lunes a viernes en el horario de 4:00pm a 10:00pm y los s\u00e1bados durante todo el d\u00eda. La intensidad acad\u00e9mica es igual a la de un programa convencional diurno, por eso se recomienda disponer de tiempo para realizar sus trabajos acad\u00e9micos.<\/p>\n\n\n\n<p>Para estudiar turismo es importante tener claro que es necesario disponer de los s\u00e1bados, porque de las 16 semanas que dura cada semestre, buena parte de ellas tendr\u00e1n&nbsp;<em>salidas de campo<\/em>&nbsp;los s\u00e1bados y algunos domingos o festivos; El turismo se aprende viajando y para ello es importante que tenga presente que los costos de las salidas de campo no est\u00e1n incluidos en el valor de la matr\u00edcula. En todo caso, las salidas no superan el valor de medio salario m\u00ednimo mensual vigente.<\/p>\n\n\n\n<h2 class=\"wp-block-heading\"><strong>\u00bfCU\u00c1NTO DURA LA CARRERA?<\/strong><\/h2>\n\n\n\n<p>Este programa de formaci\u00f3n est\u00e1 dise\u00f1ado a partir del modelo de ciclos proped\u00e9uticos, del cual se podr\u00eda afirmar que consiste en cursar dos carreras en una sola, sin detrimento de la calidad acad\u00e9mica. El primer ciclo, o tecnol\u00f3gico, dura seis semestres (tres a\u00f1os). El segundo ciclo, o profesional universitario, dura  cuatro semestres (dos a\u00f1os) Para llegar al t\u00edtulo profesional habr\u00e1 estudiado 10 semestres (cinco a\u00f1os). La misma duraci\u00f3n de una carrera profesional tradicional, pero recuerde que en este caso habr\u00e1 desarrollado las competencias de los dos niveles de formaci\u00f3n,&nbsp;<strong>haciendo de usted un administrador tur\u00edstico muy vers\u00e1til en lo laboral y muy competitivo profesionalmente<\/strong>.&nbsp;<\/p>\n\n\n\n<h2 class=\"wp-block-heading\"><strong>\u00bfSI SOY EGRESADO DEL SENA O DE OTRA UNIVERSIDAD PUEDO ESTUDIAR CON USTEDES?<\/strong><\/h2>\n\n\n\n<p>La carrera, gracias a los ciclos proped\u00e9uticos, permite la movilidad de estudiantes entre el SENA y la UTP y entre otras universidades y la UTP. En particular, para&nbsp;egresados del SENA, deber\u00e1n estar titulados en programas afines a turismo, hoteler\u00eda, guianza o alimentos y bebidas, los cuales, si son de nivel T\u00e9cnico Profesional, les habilitar\u00e1  homologar\u00e1 para el ciclo tecnol\u00f3gico, pero si son del nivel tecnol\u00f3gico le podr\u00eda permitir ingresar al ciclo profesional; para ambos casos se har\u00e1 previa evaluaci\u00f3n de la propuesta, reserv\u00e1ndonos el derecho de homologar, previa presentaci\u00f3n de los soportes requeridos.<\/p>\n\n\n\n<p>Si el programa de formaci\u00f3n es un t\u00e9cnico laboral, no habr\u00e1 homologaci\u00f3n, porque la universidad no aprueba homologaciones con instituciones o programas que no sean de Sistema de Educaci\u00f3n Superior y las que dan esas titulaciones corresponden al Sistema de Formaci\u00f3n para el Trabajo.<\/p>\n\n\n\n<p>En cualquier caso le solicitamos comunicarse con nosotros para estudiar su caso particular:&nbsp;<a href=\"mailto:turismosostenible@utp.edu.co\">turismosostenible@utp.edu.co<\/a><\/p>\n\n\n\n<figure class=\"wp-block-image size-full is-resized\"><img loading=\"lazy\" decoding=\"async\" src=\"https:\/\/media2.utp.edu.co\/programas\/28\/15-anos-1.jpg\" alt=\"\" class=\"wp-image-10296\" width=\"537\" height=\"530\" srcset=\"https:\/\/media2.utp.edu.co\/programas\/28\/15-anos-1.jpg 716w, https:\/\/media2.utp.edu.co\/programas\/28\/15-anos-1-300x296.jpg 300w\" sizes=\"auto, (max-width: 537px) 100vw, 537px\" \/><\/figure>\n","protected":false},"excerpt":{"rendered":"<p>Hay quienes optamos por el turismo como opci\u00f3n de vida, personal y laboral, porque anhel\u00e1bamos una vida llena de sentido. Si, una vida con sentido, porque nos gu\u00eda el anhelo de vivir la libertad que [&#8230;]<\/p>\n","protected":false},"author":72,"featured_media":10226,"comment_status":"closed","ping_status":"closed","sticky":false,"template":"","format":"standard","meta":{"footnotes":""},"categories":[8,11],"tags":[],"class_list":["post-11","post","type-post","status-publish","format-standard","has-post-thumbnail","hentry","category-menu","category-programas-de-formacion"],"_links":{"self":[{"href":"https:\/\/ambiental.utp.edu.co\/admin-turismo-sostenible\/wp-json\/wp\/v2\/posts\/11","targetHints":{"allow":["GET"]}}],"collection":[{"href":"https:\/\/ambiental.utp.edu.co\/admin-turismo-sostenible\/wp-json\/wp\/v2\/posts"}],"about":[{"href":"https:\/\/ambiental.utp.edu.co\/admin-turismo-sostenible\/wp-json\/wp\/v2\/types\/post"}],"author":[{"embeddable":true,"href":"https:\/\/ambiental.utp.edu.co\/admin-turismo-sostenible\/wp-json\/wp\/v2\/users\/72"}],"replies":[{"embeddable":true,"href":"https:\/\/ambiental.utp.edu.co\/admin-turismo-sostenible\/wp-json\/wp\/v2\/comments?post=11"}],"version-history":[{"count":29,"href":"https:\/\/ambiental.utp.edu.co\/admin-turismo-sostenible\/wp-json\/wp\/v2\/posts\/11\/revisions"}],"predecessor-version":[{"id":10362,"href":"https:\/\/ambiental.utp.edu.co\/admin-turismo-sostenible\/wp-json\/wp\/v2\/posts\/11\/revisions\/10362"}],"wp:featuredmedia":[{"embeddable":true,"href":"https:\/\/ambiental.utp.edu.co\/admin-turismo-sostenible\/wp-json\/wp\/v2\/media\/10226"}],"wp:attachment":[{"href":"https:\/\/ambiental.utp.edu.co\/admin-turismo-sostenible\/wp-json\/wp\/v2\/media?parent=11"}],"wp:term":[{"taxonomy":"category","embeddable":true,"href":"https:\/\/ambiental.utp.edu.co\/admin-turismo-sostenible\/wp-json\/wp\/v2\/categories?post=11"},{"taxonomy":"post_tag","embeddable":true,"href":"https:\/\/ambiental.utp.edu.co\/admin-turismo-sostenible\/wp-json\/wp\/v2\/tags?post=11"}],"curies":[{"name":"wp","href":"https:\/\/api.w.org\/{rel}","templated":true}]}}