{"id":10518,"date":"2024-07-15T21:56:56","date_gmt":"2024-07-16T02:56:56","guid":{"rendered":"https:\/\/ambiental.utp.edu.co\/admin-turismo-sostenible\/?p=10518"},"modified":"2024-07-15T21:56:56","modified_gmt":"2024-07-16T02:56:56","slug":"descubre-las-experiencias-de-gabriel-y-maria-fernanda-en-el-programa-de-intercambio-de-turismo-sostenible","status":"publish","type":"post","link":"https:\/\/ambiental.utp.edu.co\/admin-turismo-sostenible\/menu\/noticias\/descubre-las-experiencias-de-gabriel-y-maria-fernanda-en-el-programa-de-intercambio-de-turismo-sostenible\/","title":{"rendered":"Descubre las Experiencias de Gabriel y Mar\u00eda Fernanda en el Programa de Intercambio de Turismo Sostenible"},"content":{"rendered":"\n<p class=\"has-medium-font-size\">Sum\u00e9rgete en las vivencias transformadoras de Gabriel, estudiante brasile\u00f1o, y Mar\u00eda Fernanda, estudiante mexicana, quienes participaron en nuestro destacado programa de intercambio de turismo sostenible. Ambos comparten c\u00f3mo esta experiencia ha enriquecido sus perspectivas y les ha proporcionado herramientas esenciales para su desarrollo profesional en el campo del turismo sostenible.<\/p>\n\n\n<div class=\"wp-block-image\">\n<figure class=\"aligncenter size-full is-resized\"><img loading=\"lazy\" decoding=\"async\" width=\"1685\" height=\"867\" src=\"https:\/\/media2.utp.edu.co\/programas\/28\/image-19.png\" alt=\"\" class=\"wp-image-10519\" style=\"width:840px;height:auto\" \/><\/figure>\n<\/div>\n\n\n<p class=\"has-text-align-center\"><strong>LINK:<\/strong> <a href=\"https:\/\/www.instagram.com\/p\/C59iFv-s-Me\/\">https:\/\/www.instagram.com\/p\/C59iFv-s-Me\/<\/a><\/p>\n\n\n\n<p class=\"has-medium-font-size\">\u00a0\u200e<\/p>\n\n\n\n<hr class=\"wp-block-separator has-alpha-channel-opacity\" \/>\n\n\n\n<p class=\"has-medium-font-size\">\u00a1Viaja, estudia y promueve el turismo sostenible! \u2708\ufe0f\ud83d\udc9a<\/p>\n\n\n\n<p class=\"has-medium-font-size\">\u00bfTe apasiona el turismo sostenible? \u00danete al programa de intercambio y contin\u00faa tus estudios en turismo sostenible mientras exploras el mundo. \u00a1Conoce nuevas culturas y aprende pr\u00e1cticas sostenibles en diferentes pa\u00edses!<\/p>\n","protected":false},"excerpt":{"rendered":"<p>Sum\u00e9rgete en las vivencias transformadoras de Gabriel, estudiante brasile\u00f1o, y Mar\u00eda Fernanda, estudiante mexicana, quienes participaron en nuestro destacado programa de intercambio de turismo sostenible. Ambos comparten c\u00f3mo esta experiencia ha enriquecido sus perspectivas y [&#8230;]<\/p>\n","protected":false},"author":106,"featured_media":0,"comment_status":"closed","ping_status":"closed","sticky":false,"template":"","format":"standard","meta":{"footnotes":""},"categories":[8,3],"tags":[],"class_list":["post-10518","post","type-post","status-publish","format-standard","hentry","category-menu","category-noticias"],"_links":{"self":[{"href":"https:\/\/ambiental.utp.edu.co\/admin-turismo-sostenible\/wp-json\/wp\/v2\/posts\/10518","targetHints":{"allow":["GET"]}}],"collection":[{"href":"https:\/\/ambiental.utp.edu.co\/admin-turismo-sostenible\/wp-json\/wp\/v2\/posts"}],"about":[{"href":"https:\/\/ambiental.utp.edu.co\/admin-turismo-sostenible\/wp-json\/wp\/v2\/types\/post"}],"author":[{"embeddable":true,"href":"https:\/\/ambiental.utp.edu.co\/admin-turismo-sostenible\/wp-json\/wp\/v2\/users\/106"}],"replies":[{"embeddable":true,"href":"https:\/\/ambiental.utp.edu.co\/admin-turismo-sostenible\/wp-json\/wp\/v2\/comments?post=10518"}],"version-history":[{"count":2,"href":"https:\/\/ambiental.utp.edu.co\/admin-turismo-sostenible\/wp-json\/wp\/v2\/posts\/10518\/revisions"}],"predecessor-version":[{"id":10521,"href":"https:\/\/ambiental.utp.edu.co\/admin-turismo-sostenible\/wp-json\/wp\/v2\/posts\/10518\/revisions\/10521"}],"wp:attachment":[{"href":"https:\/\/ambiental.utp.edu.co\/admin-turismo-sostenible\/wp-json\/wp\/v2\/media?parent=10518"}],"wp:term":[{"taxonomy":"category","embeddable":true,"href":"https:\/\/ambiental.utp.edu.co\/admin-turismo-sostenible\/wp-json\/wp\/v2\/categories?post=10518"},{"taxonomy":"post_tag","embeddable":true,"href":"https:\/\/ambiental.utp.edu.co\/admin-turismo-sostenible\/wp-json\/wp\/v2\/tags?post=10518"}],"curies":[{"name":"wp","href":"https:\/\/api.w.org\/{rel}","templated":true}]}}