{"id":11,"count":3,"description":"Informaci\u00f3n sobre perfiles profesionales, ocupacionales, etc., de los dos programas de formaci\u00f3n por ciclos proped\u00e9uticos en Turismo Sostenible","link":"https:\/\/ambiental.utp.edu.co\/admin-turismo-sostenible\/category\/menu\/programas-de-formacion\/","name":"Programas de formaci\u00f3n","slug":"programas-de-formacion","taxonomy":"category","parent":8,"meta":[],"_links":{"self":[{"href":"https:\/\/ambiental.utp.edu.co\/admin-turismo-sostenible\/wp-json\/wp\/v2\/categories\/11","targetHints":{"allow":["GET"]}}],"collection":[{"href":"https:\/\/ambiental.utp.edu.co\/admin-turismo-sostenible\/wp-json\/wp\/v2\/categories"}],"about":[{"href":"https:\/\/ambiental.utp.edu.co\/admin-turismo-sostenible\/wp-json\/wp\/v2\/taxonomies\/category"}],"up":[{"embeddable":true,"href":"https:\/\/ambiental.utp.edu.co\/admin-turismo-sostenible\/wp-json\/wp\/v2\/categories\/8"}],"wp:post_type":[{"href":"https:\/\/ambiental.utp.edu.co\/admin-turismo-sostenible\/wp-json\/wp\/v2\/posts?categories=11"}],"curies":[{"name":"wp","href":"https:\/\/api.w.org\/{rel}","templated":true}]}}